{"id":1221,"date":"2021-11-18T09:13:18","date_gmt":"2021-11-18T09:13:18","guid":{"rendered":"http:\/\/www.klimatyczestochowy.pl\/?p=1221"},"modified":"2024-07-11T12:05:06","modified_gmt":"2024-07-11T12:05:06","slug":"final-14-edycji-konkursu","status":"publish","type":"post","link":"http:\/\/www.klimatyczestochowy.pl\/?p=1221","title":{"rendered":"Fina\u0142 14. edycji konkursu"},"content":{"rendered":"\n<p>Ju\u017c w najbli\u017cszy pi\u0105tek, o godz. 18.00 w Pawilonie Wystawowym Muzeum Cz\u0119stochowskiego poznamy finalist\u00f3w i laureat\u00f3w 14. edycji konkursu fotograficznego &#8222;Klimaty Cz\u0119stochowy&#8221;.<br><\/p>\n\n\n\n<p>Przyznane zostan\u0105 trzy nagrody pieni\u0119\u017cne oraz wyr\u00f3\u017cnienia.<\/p>\n\n\n\n<figure class=\"wp-block-image size-large\"><a href=\"http:\/\/www.klimatyczestochowy.pl\/wp-content\/uploads\/2021\/11\/klimaty_czestochowy_2021-scaled.jpg\"><img loading=\"lazy\" decoding=\"async\" width=\"714\" height=\"1024\" src=\"http:\/\/www.klimatyczestochowy.pl\/wp-content\/uploads\/2021\/11\/klimaty_czestochowy_2021-714x1024.jpg\" alt=\"14 edycja konkursu fotograficznego klimaty Cz\u0119stochowy \" class=\"wp-image-1223\" srcset=\"http:\/\/www.klimatyczestochowy.pl\/wp-content\/uploads\/2021\/11\/klimaty_czestochowy_2021-714x1024.jpg 714w, http:\/\/www.klimatyczestochowy.pl\/wp-content\/uploads\/2021\/11\/klimaty_czestochowy_2021-209x300.jpg 209w, http:\/\/www.klimatyczestochowy.pl\/wp-content\/uploads\/2021\/11\/klimaty_czestochowy_2021-768x1101.jpg 768w, http:\/\/www.klimatyczestochowy.pl\/wp-content\/uploads\/2021\/11\/klimaty_czestochowy_2021-1072x1536.jpg 1072w, http:\/\/www.klimatyczestochowy.pl\/wp-content\/uploads\/2021\/11\/klimaty_czestochowy_2021-1429x2048.jpg 1429w, http:\/\/www.klimatyczestochowy.pl\/wp-content\/uploads\/2021\/11\/klimaty_czestochowy_2021-scaled.jpg 1786w\" sizes=\"auto, (max-width: 714px) 100vw, 714px\" \/><\/a><\/figure>\n","protected":false},"excerpt":{"rendered":"<p>Ju\u017c w najbli\u017cszy pi\u0105tek, o godz. 18.00 w Pawilonie Wystawowym Muzeum Cz\u0119stochowskiego poznamy finalist\u00f3w i laureat\u00f3w 14. edycji konkursu fotograficznego &#8222;Klimaty Cz\u0119stochowy&#8221;. Przyznane zostan\u0105 trzy nagrody pieni\u0119\u017cne oraz wyr\u00f3\u017cnienia.<\/p>\n","protected":false},"author":2,"featured_media":1222,"comment_status":"open","ping_status":"open","sticky":false,"template":"","format":"standard","meta":{"footnotes":""},"categories":[3],"tags":[],"class_list":["post-1221","post","type-post","status-publish","format-standard","has-post-thumbnail","hentry","category-foto-1"],"_links":{"self":[{"href":"http:\/\/www.klimatyczestochowy.pl\/index.php?rest_route=\/wp\/v2\/posts\/1221","targetHints":{"allow":["GET"]}}],"collection":[{"href":"http:\/\/www.klimatyczestochowy.pl\/index.php?rest_route=\/wp\/v2\/posts"}],"about":[{"href":"http:\/\/www.klimatyczestochowy.pl\/index.php?rest_route=\/wp\/v2\/types\/post"}],"author":[{"embeddable":true,"href":"http:\/\/www.klimatyczestochowy.pl\/index.php?rest_route=\/wp\/v2\/users\/2"}],"replies":[{"embeddable":true,"href":"http:\/\/www.klimatyczestochowy.pl\/index.php?rest_route=%2Fwp%2Fv2%2Fcomments&post=1221"}],"version-history":[{"count":2,"href":"http:\/\/www.klimatyczestochowy.pl\/index.php?rest_route=\/wp\/v2\/posts\/1221\/revisions"}],"predecessor-version":[{"id":1495,"href":"http:\/\/www.klimatyczestochowy.pl\/index.php?rest_route=\/wp\/v2\/posts\/1221\/revisions\/1495"}],"wp:featuredmedia":[{"embeddable":true,"href":"http:\/\/www.klimatyczestochowy.pl\/index.php?rest_route=\/wp\/v2\/media\/1222"}],"wp:attachment":[{"href":"http:\/\/www.klimatyczestochowy.pl\/index.php?rest_route=%2Fwp%2Fv2%2Fmedia&parent=1221"}],"wp:term":[{"taxonomy":"category","embeddable":true,"href":"http:\/\/www.klimatyczestochowy.pl\/index.php?rest_route=%2Fwp%2Fv2%2Fcategories&post=1221"},{"taxonomy":"post_tag","embeddable":true,"href":"http:\/\/www.klimatyczestochowy.pl\/index.php?rest_route=%2Fwp%2Fv2%2Ftags&post=1221"}],"curies":[{"name":"wp","href":"https:\/\/api.w.org\/{rel}","templated":true}]}}