{"id":1212,"date":"2021-10-21T08:04:27","date_gmt":"2021-10-21T08:04:27","guid":{"rendered":"http:\/\/www.klimatyczestochowy.pl\/?p=1212"},"modified":"2022-08-25T11:17:46","modified_gmt":"2022-08-25T11:17:46","slug":"1212-2","status":"publish","type":"post","link":"http:\/\/www.klimatyczestochowy.pl\/?p=1212","title":{"rendered":"Obrady"},"content":{"rendered":"\n<h2 class=\"wp-block-heading\">Jeste\u015bmy po obradach Jury 14. \u201eKlimat\u00f3w Cz\u0119stochowy\u201d.<\/h2>\n\n\n\n<p>Na konkurs wp\u0142yn\u0119\u0142o 361 zdj\u0119\u0107 88 autor\u00f3w. Jury konkursu w sk\u0142adzie \u0141ukasz Kolewi\u0144ski, Kamil Pawlik, Piotr Kras i Jaros\u0142aw Respondek do wystawy pokonkursowej zakwalifikowa\u0142o 27 prac 16 fotograf\u00f3w.<\/p>\n\n\n\n<p>Lista Finalist\u00f3w 14. edycji &#8222;Klimat\u00f3w Cz\u0119stochowy&#8221;<br>Wojciech Barczy\u0144ski<br>Marcin Cekus<br>Piotr Cie\u015blak<br>Wojciech Grabowski<br>Piotr Jak\u00f3bczak<br>Justyna Janus<br>Rafa\u0142 Kuli\u0144ski<br>\u0141ukasz Majewski<br>Adam Mielczarek<br>Oliwia Pawlak<br>Przemys\u0142aw Skoczylas<br>Grzegorz Skowronek<br>Marcin Stypka<br>Tomasz Szygulski<br>Wojciech Woszczyk<br>Aleksander Van<br>\ufeff<\/p>\n\n\n\n<p>19 listopada w Pawilonie Wystawowym odb\u0119dzie si\u0119 otwarcie wystawy wraz z og\u0142oszeniem wynik\u00f3w konkursu fotograficznego \u201eKlimaty Cz\u0119stochowy\u201d.<\/p>\n\n\n\n<p>Przyznane zostan\u0105 trzy nagrody pieni\u0119\u017cne oraz wyr\u00f3\u017cnienia.<\/p>\n","protected":false},"excerpt":{"rendered":"<p>Jeste\u015bmy po obradach Jury 14. \u201eKlimat\u00f3w Cz\u0119stochowy\u201d. Na konkurs wp\u0142yn\u0119\u0142o 361 zdj\u0119\u0107 88 autor\u00f3w. Jury konkursu w sk\u0142adzie \u0141ukasz Kolewi\u0144ski, Kamil Pawlik, Piotr Kras i Jaros\u0142aw Respondek do wystawy pokonkursowej zakwalifikowa\u0142o 27 prac 16 fotograf\u00f3w. Lista Finalist\u00f3w 14. edycji &#8222;Klimat\u00f3w Cz\u0119stochowy&#8221;Wojciech Barczy\u0144skiMarcin CekusPiotr Cie\u015blakWojciech GrabowskiPiotr Jak\u00f3bczakJustyna JanusRafa\u0142 Kuli\u0144ski\u0141ukasz MajewskiAdam MielczarekOliwia PawlakPrzemys\u0142aw SkoczylasGrzegorz SkowronekMarcin StypkaTomasz SzygulskiWojciech [&hellip;]<\/p>\n","protected":false},"author":2,"featured_media":1213,"comment_status":"open","ping_status":"open","sticky":false,"template":"","format":"standard","meta":{"footnotes":""},"categories":[3],"tags":[],"class_list":["post-1212","post","type-post","status-publish","format-standard","has-post-thumbnail","hentry","category-foto-1"],"_links":{"self":[{"href":"http:\/\/www.klimatyczestochowy.pl\/index.php?rest_route=\/wp\/v2\/posts\/1212","targetHints":{"allow":["GET"]}}],"collection":[{"href":"http:\/\/www.klimatyczestochowy.pl\/index.php?rest_route=\/wp\/v2\/posts"}],"about":[{"href":"http:\/\/www.klimatyczestochowy.pl\/index.php?rest_route=\/wp\/v2\/types\/post"}],"author":[{"embeddable":true,"href":"http:\/\/www.klimatyczestochowy.pl\/index.php?rest_route=\/wp\/v2\/users\/2"}],"replies":[{"embeddable":true,"href":"http:\/\/www.klimatyczestochowy.pl\/index.php?rest_route=%2Fwp%2Fv2%2Fcomments&post=1212"}],"version-history":[{"count":6,"href":"http:\/\/www.klimatyczestochowy.pl\/index.php?rest_route=\/wp\/v2\/posts\/1212\/revisions"}],"predecessor-version":[{"id":1291,"href":"http:\/\/www.klimatyczestochowy.pl\/index.php?rest_route=\/wp\/v2\/posts\/1212\/revisions\/1291"}],"wp:featuredmedia":[{"embeddable":true,"href":"http:\/\/www.klimatyczestochowy.pl\/index.php?rest_route=\/wp\/v2\/media\/1213"}],"wp:attachment":[{"href":"http:\/\/www.klimatyczestochowy.pl\/index.php?rest_route=%2Fwp%2Fv2%2Fmedia&parent=1212"}],"wp:term":[{"taxonomy":"category","embeddable":true,"href":"http:\/\/www.klimatyczestochowy.pl\/index.php?rest_route=%2Fwp%2Fv2%2Fcategories&post=1212"},{"taxonomy":"post_tag","embeddable":true,"href":"http:\/\/www.klimatyczestochowy.pl\/index.php?rest_route=%2Fwp%2Fv2%2Ftags&post=1212"}],"curies":[{"name":"wp","href":"https:\/\/api.w.org\/{rel}","templated":true}]}}