{"id":112,"date":"2013-11-09T12:15:05","date_gmt":"2013-11-09T12:15:05","guid":{"rendered":"http:\/\/czestochowianie.home.pl\/klimaty\/?p=112"},"modified":"2014-12-08T07:11:21","modified_gmt":"2014-12-08T07:11:21","slug":"8-klimaty-czestochowy-rozstrzygniete","status":"publish","type":"post","link":"http:\/\/www.klimatyczestochowy.pl\/?p=112","title":{"rendered":"8. &#8222;Klimaty&#8221; rozstrzygni\u0119te"},"content":{"rendered":"<p style=\"text-align: justify;\">Od pi\u0105tku, 8 listopada mo\u017cemy ogl\u0105da\u0107 fotografie kt\u00f3re zakwalifikowa\u0142y si\u0119 do wystawy pokonkursowej. <!--more-->Ekspozycja w Ratuszu Muzeum Cz\u0119stochowskiego przy Alei Naj\u015bwi\u0119tszej Maryi Panny 45 czynna b\u0119dzie do ko\u0144ca grudnia. Poznali\u015bmy tak\u017ce laureat\u00f3w 8. edycji konkursu.<\/p>\n<p style=\"text-align: justify;\">Jury w sk\u0142adzie:<br \/>\nWojciech Barczy\u0144ski &#8211; fotoreporter, Maciej Kuro\u0144 &#8211; fotoreporter, S\u0142awomir Jod\u0142owski \u2013 Regionalny O\u015brodek Kultury, Marta Frej &amp; Tomasz Kosi\u0144ski (Grupa artystyczna FRiKO), po zapoznaniu si\u0119 z 885 pracami 145 autor\u00f3w, Jury do wystawy pokonkursowej zakwalifikowa\u0142o 52 zdj\u0119cia 29 autor\u00f3w.<\/p>\n<p style=\"text-align: justify;\">Oto lista uczestnik\u00f3w wystawy:<\/p>\n<p style=\"text-align: justify;\">Sebastian Adamus, Dariusz Baranowski, Olivia Ciupa, Waldemar Deska, Wojciech Domaga\u0142a, Iwetta Gintowt-Paprocka, Jacek Janikowski, Jacek J\u0119drecki, Marcin J\u0119dryka, Piotr J\u0119drzejak, Karolina K\u0119pka, Mateusz Kluczny, Marcin Korgul, Ma\u0142gorzata Kozakowska, Zofia Langier, Marcin F. Michalski, Karolina Miechowska, Klaudia Oboza, Kamila Olejarz, Marcin Opa\u0142czy\u0144ski, Katarzyna Pawlik, Leszek Pilichowski, Paulina Przenios\u0142o, Jaros\u0142aw Respondek, Przemys\u0142aw Skoczylas, Grzegorz Skowronek, Olgierd Tybinkowski, Andrzej Zembik, Jakub Zi\u0119ba.<\/p>\n<blockquote><p>Grand Prix 8. edycji \u201eKlimat\u00f3w Cz\u0119stochowy\u201d w tym roku nie przyznano.<\/p><\/blockquote>\n<p style=\"text-align: justify;\">Ponadto, Jury postanowi\u0142o przyzna\u0107 nagrody:<\/p>\n<blockquote><p>I nagrod\u0119 w kategorii \u201eFotografia Klimatyczna\u201d w wysoko\u015bci 1000 z\u0142 otrzyma\u0142a Karolina Miechowska za zdj\u0119cie \u201eWzd\u0142u\u017c Kana\u0142u Kohna\u201d<br \/>\nII nagrod\u0119 w kategorii \u201eFotografia Klimatyczna\u201d w wysoko\u015bci 600 z\u0142 otrzyma\u0142 Marcin Opa\u0142czy\u0144ski, za zdj\u0119cie wykonane w technice solarigrafii \u201eS\u0142o\u0144ce nad Cz\u0119stochow\u0105\u201d<br \/>\nIII nagrod\u0119 w kategorii \u201eFotografia Klimatyczna\u201d w wysoko\u015bci 400 z\u0142 otrzyma\u0142 Wojciech Domaga\u0142a za cykl zdj\u0119\u0107 \u201eArchitektura\u201d<br \/>\nI nagrod\u0119 w kategorii \u201eFotografia Reporterska\u201d w wysoko\u015bci 1000 z\u0142 otrzyma\u0142a Katarzyna Pawlik za fotoreporta\u017c \u201ewyAUTYZMowany\u201d<br \/>\nII nagrod\u0119 w kategorii \u201eFotografia Reporterska\u201d w wysoko\u015bci 600 z\u0142 otrzyma\u0142 Marcin J\u0119dryka za zdj\u0119cie Akrobata<br \/>\nIII nagrody w kategorii \u201eFotografia Reporterska\u201d w tym roku nie przyznano<\/p><\/blockquote>\n<p style=\"text-align: justify;\">Jury postanowi\u0142o przyzna\u0107 dodatkowe wyr\u00f3\u017cnienia dla:<\/p>\n<blockquote><p>Iwetty Gintowt-Paprockiej za zdj\u0119cie bez tytu\u0142u<br \/>\nPrzemys\u0142awa Skoczylasa za zdj\u0119cie \u201eLekko\u015b\u0107\u201d<br \/>\nSebastiana Adamusa za zdj\u0119cie \u201eSanto Subito\u201d<br \/>\nGrzegorza Skowronka za zdj\u0119cie \u201eKibic\u201d<br \/>\nKaroliny K\u0119pki za cykl zdj\u0119\u0107 bez tytu\u0142u<br \/>\nDariusza Baranowskiego za zdj\u0119cie \u201ePo\u015bwi\u0119cenie\u201d<br \/>\nKlaudii Obozy za fotoreporta\u017c \u201e\u015api\u0105cy pielgrzymi\u201d<br \/>\nZofii Langier za zdj\u0119cie \u201eKocham wszystkie psy\u201d<br \/>\nJaros\u0142awa Respondka za fotoreporta\u017c \u201ePapie\u017c\u201d<\/p><\/blockquote>\n<blockquote><p>Dodatkowa nagroda \u2013 1000 z\u0142, za zdj\u0119cie wybrane przez Micha\u0142a Legierskiego dla: Grzegorza Skowronka za zdj\u0119cie \u201eKibic\u201d<\/p><\/blockquote>\n<p style=\"text-align: justify;\">Wszystkim uczestnikom tegorocznej ekspozycji &#8222;Klimat\u00f3w&#8221; serdecznie dzi\u0119kujemy i gratulujemy udzia\u0142u!<\/p>\n<p style=\"text-align: justify;\">Organizatorzy konkursu:<br \/>\nWydzia\u0142 Kultury i Promocji Urz\u0119du Miasta Cz\u0119stochowy<br \/>\noraz Muzeum Cz\u0119stochowskie<\/p>\n<p style=\"text-align: justify;\">Patronat medialny:<br \/>\nMiesi\u0119cznik \u201ePRESS\u201d \u2013 organizator konkursu \u201eGrand Press Photo\u201d<br \/>\nwww.press.pl<br \/>\nBezp\u0142atny Miesi\u0119cznik Miasta Cz\u0119stochowy<br \/>\n\u201cCo, gdzie, kiedy w Cz\u0119stochowie\u201d<br \/>\nwww.cgk.czestochowa.pl<\/p>\n<p style=\"text-align: justify;\">Fundator nagr\u00f3d:<br \/>\nMiasto Cz\u0119stochowa<\/p>\n","protected":false},"excerpt":{"rendered":"<p>Od pi\u0105tku, 8 listopada mo\u017cemy ogl\u0105da\u0107 fotografie kt\u00f3re zakwalifikowa\u0142y si\u0119 do wystawy pokonkursowej.<\/p>\n","protected":false},"author":2,"featured_media":136,"comment_status":"open","ping_status":"open","sticky":false,"template":"","format":"standard","meta":{"footnotes":""},"categories":[1],"tags":[],"class_list":["post-112","post","type-post","status-publish","format-standard","has-post-thumbnail","hentry","category-bez-kategorii"],"_links":{"self":[{"href":"http:\/\/www.klimatyczestochowy.pl\/index.php?rest_route=\/wp\/v2\/posts\/112","targetHints":{"allow":["GET"]}}],"collection":[{"href":"http:\/\/www.klimatyczestochowy.pl\/index.php?rest_route=\/wp\/v2\/posts"}],"about":[{"href":"http:\/\/www.klimatyczestochowy.pl\/index.php?rest_route=\/wp\/v2\/types\/post"}],"author":[{"embeddable":true,"href":"http:\/\/www.klimatyczestochowy.pl\/index.php?rest_route=\/wp\/v2\/users\/2"}],"replies":[{"embeddable":true,"href":"http:\/\/www.klimatyczestochowy.pl\/index.php?rest_route=%2Fwp%2Fv2%2Fcomments&post=112"}],"version-history":[{"count":11,"href":"http:\/\/www.klimatyczestochowy.pl\/index.php?rest_route=\/wp\/v2\/posts\/112\/revisions"}],"predecessor-version":[{"id":129,"href":"http:\/\/www.klimatyczestochowy.pl\/index.php?rest_route=\/wp\/v2\/posts\/112\/revisions\/129"}],"wp:featuredmedia":[{"embeddable":true,"href":"http:\/\/www.klimatyczestochowy.pl\/index.php?rest_route=\/wp\/v2\/media\/136"}],"wp:attachment":[{"href":"http:\/\/www.klimatyczestochowy.pl\/index.php?rest_route=%2Fwp%2Fv2%2Fmedia&parent=112"}],"wp:term":[{"taxonomy":"category","embeddable":true,"href":"http:\/\/www.klimatyczestochowy.pl\/index.php?rest_route=%2Fwp%2Fv2%2Fcategories&post=112"},{"taxonomy":"post_tag","embeddable":true,"href":"http:\/\/www.klimatyczestochowy.pl\/index.php?rest_route=%2Fwp%2Fv2%2Ftags&post=112"}],"curies":[{"name":"wp","href":"https:\/\/api.w.org\/{rel}","templated":true}]}}