{"id":1106,"date":"2018-11-19T07:55:00","date_gmt":"2018-11-19T07:55:00","guid":{"rendered":"http:\/\/www.klimatyczestochowy.pl\/?p=1106"},"modified":"2018-11-19T08:17:18","modified_gmt":"2018-11-19T08:17:18","slug":"13-edycja-klimatow-rozstrzygnieta","status":"publish","type":"post","link":"http:\/\/www.klimatyczestochowy.pl\/?p=1106","title":{"rendered":"13. EDYCJA &#8222;KLIMAT\u00d3W&#8221; ROZSTRZYGNI\u0118TA"},"content":{"rendered":"<p style=\"text-align: center;\">16 listopada podczas fina\u0142u 13. \u201eKlimat\u00f3w Cz\u0119stochowy&#8221; poznali\u015bmy laureat\u00f3w konkursu.<!--more--><\/p>\n<p style=\"text-align: center;\">Jury w sk\u0142adzie: Przemys\u0142aw Jendroska, Jan S\u0119towski, Tomasz Watras, po zapoznaniu si\u0119 z 530 pracami 122 autor\u00f3w, do wystawy pokonkursowej 13. edycji konkursu fotograficznego \u201eKlimaty Cz\u0119stochowy\u201d<br \/>\nzakwalifikowa\u0142o prace:<\/p>\n<p style=\"text-align: center;\">Szymona Berezi\u0144skiego,<br \/>\nMarcina Chudego,<br \/>\nDariusza Gawro\u0144skiego,<br \/>\nJustyny Janus,<br \/>\nMicha\u0142a Karbownika,<br \/>\nPiotra Krasa,<br \/>\nAgnieszki Ma\u0142asiewicz,<br \/>\nOliwiera Paku\u0142y,<br \/>\nKamila Pawlika,<br \/>\nJaros\u0142awa Respondka,<br \/>\nPaw\u0142a Romana,<br \/>\nTomasza Ryka\u0142y,<br \/>\nPrzemys\u0142awa Skoczylasa,<br \/>\nMacieja Skowronka,<br \/>\nGrzegorza Skowronka,<br \/>\n\u0141ukasza Stacherczaka,<br \/>\nMarcina Szczyg\u0142a,<br \/>\nKrzysztofa \u015awitalskiego<br \/>\ni Wojciecha Woszczyka.<\/p>\n<p>&nbsp;<\/p>\n<p style=\"text-align: center;\"><span style=\"color: #ff6600;\"><strong>FOTOGRAFIE NAGRODZONE<\/strong><\/span><\/p>\n<p style=\"text-align: center;\"><span style=\"color: #ff6600;\"><em><strong>Kategoria: Fotografia Klimatyczna<\/strong><\/em><\/span><\/p>\n<p style=\"text-align: center;\"><a href=\"http:\/\/www.klimatyczestochowy.pl\/wp-content\/uploads\/2018\/11\/70X105_KLIMAT_OPP-1-1.jpg\"><img loading=\"lazy\" decoding=\"async\" class=\"aligncenter wp-image-1109 size-medium\" src=\"http:\/\/www.klimatyczestochowy.pl\/wp-content\/uploads\/2018\/11\/70X105_KLIMAT_OPP-1-1-300x200.jpg\" alt=\"\" width=\"300\" height=\"200\" srcset=\"http:\/\/www.klimatyczestochowy.pl\/wp-content\/uploads\/2018\/11\/70X105_KLIMAT_OPP-1-1-300x200.jpg 300w, http:\/\/www.klimatyczestochowy.pl\/wp-content\/uploads\/2018\/11\/70X105_KLIMAT_OPP-1-1-768x512.jpg 768w, http:\/\/www.klimatyczestochowy.pl\/wp-content\/uploads\/2018\/11\/70X105_KLIMAT_OPP-1-1-1024x683.jpg 1024w, http:\/\/www.klimatyczestochowy.pl\/wp-content\/uploads\/2018\/11\/70X105_KLIMAT_OPP-1-1.jpg 1300w\" sizes=\"auto, (max-width: 300px) 100vw, 300px\" \/><br \/>\n<\/a>Oliwier Paku\u0142a za zdj\u0119cie \u201eWalcz\u0105ca z wiatrakami\u201d<br \/>\nwybrane przez Przemys\u0142awa Jendrosk\u0119.<\/p>\n<p>&nbsp;<\/p>\n<p style=\"text-align: center;\"><a href=\"http:\/\/www.klimatyczestochowy.pl\/wp-content\/uploads\/2018\/11\/1300.jpg\"><img loading=\"lazy\" decoding=\"async\" class=\"aligncenter wp-image-1110 size-medium\" src=\"http:\/\/www.klimatyczestochowy.pl\/wp-content\/uploads\/2018\/11\/1300-300x126.jpg\" alt=\"\" width=\"300\" height=\"126\" srcset=\"http:\/\/www.klimatyczestochowy.pl\/wp-content\/uploads\/2018\/11\/1300-300x126.jpg 300w, http:\/\/www.klimatyczestochowy.pl\/wp-content\/uploads\/2018\/11\/1300-768x323.jpg 768w, http:\/\/www.klimatyczestochowy.pl\/wp-content\/uploads\/2018\/11\/1300-1024x430.jpg 1024w, http:\/\/www.klimatyczestochowy.pl\/wp-content\/uploads\/2018\/11\/1300.jpg 1300w\" sizes=\"auto, (max-width: 300px) 100vw, 300px\" \/><\/a>Marcin Szczygie\u0142 za zdj\u0119cia\u00a0\u201eElementy\u201d, \u201eMarket na Czerwonym\u201d, \u201eJazzman\u201d<br \/>\nwybrane przez Przemys\u0142awa Jendrosk\u0119.<br \/>\n<em>\u201eElementy\u201d<\/em><br \/>\n<em>Klatka z obchod\u00f3w uroczysto\u015bci Narodowego \u015awi\u0119ta Niepodleg\u0142o\u015bci w Filharmonii Cz\u0119stochowskiej. <\/em><em>Cz\u0119stochowa<br \/>\n\u201eMarket na Czerwonym\u201d<br \/>\nMijany codziennie przez tysi\u0105ce os\u00f3b, \u201eMarket na Czerwonym\u201d, w dzie\u0144 niewyr\u00f3\u017cniaj\u0105cy si\u0119 niczym,<br \/>\nw nocy staje si\u0119 doskona\u0142ym t\u0142em do fotografii, o ile tylko kto\u015b zapomni wy\u0142\u0105czy\u0107 o\u015bwietlaj\u0105ce go neony. Cz\u0119stochowa.<br \/>\n\u201eJazzman\u201d<br \/>\nCoroczna Parada Nowoorlea\u0144ska w ramach festiwalu Hot Jazz Spring, maszeruj\u0105ca od Placu im. W. Biega\u0144skiego do Filharmonii Cz\u0119stochowskiej, kt\u00f3ra zapowiada, \u017ce przez najbli\u017csze kilka dni w mie\u015bcie b\u0119dzie kr\u00f3lowa\u0142 Jazz! Cz\u0119stochowa.<br \/>\n<\/em><\/p>\n<p>&nbsp;<\/p>\n<p style=\"text-align: center;\"><a href=\"http:\/\/www.klimatyczestochowy.pl\/wp-content\/uploads\/2018\/11\/70X105_FOTOREP_Medium1975_zestaw6.jpg\"><img loading=\"lazy\" decoding=\"async\" class=\"aligncenter wp-image-1111 size-medium\" src=\"http:\/\/www.klimatyczestochowy.pl\/wp-content\/uploads\/2018\/11\/70X105_FOTOREP_Medium1975_zestaw6-300x200.jpg\" alt=\"\" width=\"300\" height=\"200\" srcset=\"http:\/\/www.klimatyczestochowy.pl\/wp-content\/uploads\/2018\/11\/70X105_FOTOREP_Medium1975_zestaw6-300x200.jpg 300w, http:\/\/www.klimatyczestochowy.pl\/wp-content\/uploads\/2018\/11\/70X105_FOTOREP_Medium1975_zestaw6-768x513.jpg 768w, http:\/\/www.klimatyczestochowy.pl\/wp-content\/uploads\/2018\/11\/70X105_FOTOREP_Medium1975_zestaw6-1024x684.jpg 1024w, http:\/\/www.klimatyczestochowy.pl\/wp-content\/uploads\/2018\/11\/70X105_FOTOREP_Medium1975_zestaw6.jpg 1300w\" sizes=\"auto, (max-width: 300px) 100vw, 300px\" \/><br \/>\n<\/a>Agnieszka Ma\u0142asiewicz za zdj\u0119cie z cyklu \u201eDom pod chmurk\u0105\u201d<br \/>\nwybrane przez Jana S\u0119towskiego.<br \/>\n<em>Fotografia z serii analogowych zdj\u0119\u0107 powsta\u0142a podczas spacer\u00f3w niedaleko Lasku Anio\u0142owskiego. Na przestrzeni kilku miesi\u0119cy obserwowa\u0142am w swoim s\u0105siedztwie przestrze\u0144, kt\u00f3ra na pierwszy rzut oka by\u0142a \u015bmietniskiem, ale po bli\u017cszym przyjrzeniu si\u0119, przywodzi\u0142a na my\u015bl dom i to z wyra\u017anym \u015bladem obecno\u015bci mieszka\u0144c\u00f3w.<\/em><br \/>\n<em>Cz\u0119stochowa<\/em><\/p>\n<p>&nbsp;<\/p>\n<p style=\"text-align: center;\"><a href=\"http:\/\/www.klimatyczestochowy.pl\/wp-content\/uploads\/2018\/11\/70x105_KLIMAT_CARBON_Dziki_wschod_Carbon.jpg\"><img loading=\"lazy\" decoding=\"async\" class=\"aligncenter wp-image-1112 size-medium\" src=\"http:\/\/www.klimatyczestochowy.pl\/wp-content\/uploads\/2018\/11\/70x105_KLIMAT_CARBON_Dziki_wschod_Carbon-300x200.jpg\" alt=\"\" width=\"300\" height=\"200\" srcset=\"http:\/\/www.klimatyczestochowy.pl\/wp-content\/uploads\/2018\/11\/70x105_KLIMAT_CARBON_Dziki_wschod_Carbon-300x200.jpg 300w, http:\/\/www.klimatyczestochowy.pl\/wp-content\/uploads\/2018\/11\/70x105_KLIMAT_CARBON_Dziki_wschod_Carbon-768x512.jpg 768w, http:\/\/www.klimatyczestochowy.pl\/wp-content\/uploads\/2018\/11\/70x105_KLIMAT_CARBON_Dziki_wschod_Carbon-1024x683.jpg 1024w, http:\/\/www.klimatyczestochowy.pl\/wp-content\/uploads\/2018\/11\/70x105_KLIMAT_CARBON_Dziki_wschod_Carbon.jpg 1300w\" sizes=\"auto, (max-width: 300px) 100vw, 300px\" \/><br \/>\n<\/a>Micha\u0142 Karbownik za zdj\u0119cie \u201eDziki Wsch\u00f3d\u201d<br \/>\nwybrane przez Jana S\u0119towskiego.<\/p>\n<p>&nbsp;<\/p>\n<p style=\"text-align: center;\"><a href=\"http:\/\/www.klimatyczestochowy.pl\/wp-content\/uploads\/2018\/11\/70X110_KLIMAT_PanHomar_4.jpg\"><img loading=\"lazy\" decoding=\"async\" class=\"aligncenter wp-image-1113 size-medium\" src=\"http:\/\/www.klimatyczestochowy.pl\/wp-content\/uploads\/2018\/11\/70X110_KLIMAT_PanHomar_4-300x191.jpg\" alt=\"\" width=\"300\" height=\"191\" srcset=\"http:\/\/www.klimatyczestochowy.pl\/wp-content\/uploads\/2018\/11\/70X110_KLIMAT_PanHomar_4-300x191.jpg 300w, http:\/\/www.klimatyczestochowy.pl\/wp-content\/uploads\/2018\/11\/70X110_KLIMAT_PanHomar_4-768x489.jpg 768w, http:\/\/www.klimatyczestochowy.pl\/wp-content\/uploads\/2018\/11\/70X110_KLIMAT_PanHomar_4-1024x652.jpg 1024w, http:\/\/www.klimatyczestochowy.pl\/wp-content\/uploads\/2018\/11\/70X110_KLIMAT_PanHomar_4.jpg 1300w\" sizes=\"auto, (max-width: 300px) 100vw, 300px\" \/><br \/>\n<\/a>Szymon Berezi\u0144ski za zdj\u0119cie \u201eNadzieja\u201d<br \/>\nwybrane przez Tomasza Watrasa.<\/p>\n<p>&nbsp;<\/p>\n<p style=\"text-align: center;\"><a href=\"http:\/\/www.klimatyczestochowy.pl\/wp-content\/uploads\/2018\/11\/70x105_KLIMAT_PS-02.jpg\"><img loading=\"lazy\" decoding=\"async\" class=\"aligncenter wp-image-1114 size-medium\" src=\"http:\/\/www.klimatyczestochowy.pl\/wp-content\/uploads\/2018\/11\/70x105_KLIMAT_PS-02-300x200.jpg\" alt=\"\" width=\"300\" height=\"200\" srcset=\"http:\/\/www.klimatyczestochowy.pl\/wp-content\/uploads\/2018\/11\/70x105_KLIMAT_PS-02-300x200.jpg 300w, http:\/\/www.klimatyczestochowy.pl\/wp-content\/uploads\/2018\/11\/70x105_KLIMAT_PS-02-768x512.jpg 768w, http:\/\/www.klimatyczestochowy.pl\/wp-content\/uploads\/2018\/11\/70x105_KLIMAT_PS-02-1024x683.jpg 1024w, http:\/\/www.klimatyczestochowy.pl\/wp-content\/uploads\/2018\/11\/70x105_KLIMAT_PS-02.jpg 1300w\" sizes=\"auto, (max-width: 300px) 100vw, 300px\" \/><br \/>\n<\/a>Przemys\u0142aw Skoczylas za zdj\u0119cie \u201ebez tytu\u0142u\u201d<br \/>\nwybrane przez Tomasza Watrasa.<\/p>\n<p>&nbsp;<\/p>\n<p style=\"text-align: center;\"><span style=\"color: #ff6600;\"><em><strong>Kategoria: Fotografia Reporterska<\/strong><\/em><\/span><\/p>\n<p style=\"text-align: center;\"><a href=\"http:\/\/www.klimatyczestochowy.pl\/wp-content\/uploads\/2018\/11\/70X105_REPORTERSKA_99999-444.jpg\"><img loading=\"lazy\" decoding=\"async\" class=\"aligncenter wp-image-1115 size-medium\" src=\"http:\/\/www.klimatyczestochowy.pl\/wp-content\/uploads\/2018\/11\/70X105_REPORTERSKA_99999-444-300x200.jpg\" alt=\"\" width=\"300\" height=\"200\" srcset=\"http:\/\/www.klimatyczestochowy.pl\/wp-content\/uploads\/2018\/11\/70X105_REPORTERSKA_99999-444-300x200.jpg 300w, http:\/\/www.klimatyczestochowy.pl\/wp-content\/uploads\/2018\/11\/70X105_REPORTERSKA_99999-444-768x512.jpg 768w, http:\/\/www.klimatyczestochowy.pl\/wp-content\/uploads\/2018\/11\/70X105_REPORTERSKA_99999-444-1024x683.jpg 1024w, http:\/\/www.klimatyczestochowy.pl\/wp-content\/uploads\/2018\/11\/70X105_REPORTERSKA_99999-444.jpg 1300w\" sizes=\"auto, (max-width: 300px) 100vw, 300px\" \/><br \/>\n<\/a>I nagroda<br \/>\nPiotr Kras za zdj\u0119cie \u201ePielgrzymka kibic\u00f3w\u201d<br \/>\n<em>Jasna G\u00f3ra, Cz\u0119stochowa<\/em><\/p>\n<p>&nbsp;<\/p>\n<p style=\"text-align: center;\"><a href=\"http:\/\/www.klimatyczestochowy.pl\/wp-content\/uploads\/2018\/11\/70X100_REPORTERSKA_ZENUS_2_FR.jpg\"><img loading=\"lazy\" decoding=\"async\" class=\"aligncenter wp-image-1116 size-medium\" src=\"http:\/\/www.klimatyczestochowy.pl\/wp-content\/uploads\/2018\/11\/70X100_REPORTERSKA_ZENUS_2_FR-300x210.jpg\" alt=\"\" width=\"300\" height=\"210\" srcset=\"http:\/\/www.klimatyczestochowy.pl\/wp-content\/uploads\/2018\/11\/70X100_REPORTERSKA_ZENUS_2_FR-300x210.jpg 300w, http:\/\/www.klimatyczestochowy.pl\/wp-content\/uploads\/2018\/11\/70X100_REPORTERSKA_ZENUS_2_FR-768x538.jpg 768w, http:\/\/www.klimatyczestochowy.pl\/wp-content\/uploads\/2018\/11\/70X100_REPORTERSKA_ZENUS_2_FR-1024x717.jpg 1024w, http:\/\/www.klimatyczestochowy.pl\/wp-content\/uploads\/2018\/11\/70X100_REPORTERSKA_ZENUS_2_FR.jpg 1300w\" sizes=\"auto, (max-width: 300px) 100vw, 300px\" \/><br \/>\n<\/a>II nagroda<br \/>\nGrzegorz Skowronek za zdj\u0119cie \u201eCzekanie na mi\u0142o\u015b\u0107\u201d<br \/>\n<em>09.01.2018 r. Ch\u0142opczyk czeka na adopcj\u0119 w Zak\u0142adzie Piel\u0119gnacyjno-Opieku\u0144czym prowadzonym <\/em><br \/>\n<em>przez Stowarzyszenie \u201e Z Ufno\u015bci\u0105 w Trzecie Tysi\u0105clecie\u201d. Co roku zjawisko porzucania noworodk\u00f3w <\/em><br \/>\n<em>z obci\u0105\u017ceniami zdrowotnymi powi\u0119ksza si\u0119 i nie jest \u0142atwo znale\u017a\u0107 maluchom kochaj\u0105cy dom.<\/em><br \/>\n<em>Cz\u0119stochowa<\/em><\/p>\n<p>&nbsp;<\/p>\n<p style=\"text-align: center;\"><a href=\"http:\/\/www.klimatyczestochowy.pl\/wp-content\/uploads\/2018\/11\/70X105_REPORTERSKA_butelka_oetykietowana_03.jpg\"><img loading=\"lazy\" decoding=\"async\" class=\"aligncenter wp-image-1117 size-medium\" src=\"http:\/\/www.klimatyczestochowy.pl\/wp-content\/uploads\/2018\/11\/70X105_REPORTERSKA_butelka_oetykietowana_03-200x300.jpg\" alt=\"\" width=\"200\" height=\"300\" srcset=\"http:\/\/www.klimatyczestochowy.pl\/wp-content\/uploads\/2018\/11\/70X105_REPORTERSKA_butelka_oetykietowana_03-200x300.jpg 200w, http:\/\/www.klimatyczestochowy.pl\/wp-content\/uploads\/2018\/11\/70X105_REPORTERSKA_butelka_oetykietowana_03-768x1152.jpg 768w, http:\/\/www.klimatyczestochowy.pl\/wp-content\/uploads\/2018\/11\/70X105_REPORTERSKA_butelka_oetykietowana_03-683x1024.jpg 683w, http:\/\/www.klimatyczestochowy.pl\/wp-content\/uploads\/2018\/11\/70X105_REPORTERSKA_butelka_oetykietowana_03.jpg 1300w\" sizes=\"auto, (max-width: 200px) 100vw, 200px\" \/><br \/>\n<\/a>III nagroda<br \/>\n\u0141ukasz Stacherczak za zdj\u0119cie \u201eDzielny Zbigniew\u201d<br \/>\n<em>Cz\u0119stochowski fotografik rzuca si\u0119 na ratunek, widz\u0105c po\u017car drzewa przy ko\u015bcie \u015bw. Jakuba. <\/em><br \/>\n<em>Ogie\u0144 spowodowany by\u0142 przegrzaniem znicza ustawionego przy ko\u015bcielnym krzy\u017cu.<\/em><br \/>\n<em>Plac Biega\u0144skiego, Cz\u0119stochowa<\/em><\/p>\n<p>&nbsp;<\/p>\n<p style=\"text-align: center;\"><span style=\"color: #ff6600;\"><strong><em>Kategoria: Fotoreporta\u017c \/ Zestaw Zdj\u0119\u0107<\/em><\/strong><\/span><\/p>\n<p style=\"text-align: center;\"><a href=\"http:\/\/www.klimatyczestochowy.pl\/wp-content\/uploads\/2018\/11\/120X170_BANANANAS.jpg\"><img loading=\"lazy\" decoding=\"async\" class=\"aligncenter wp-image-1118 size-medium\" src=\"http:\/\/www.klimatyczestochowy.pl\/wp-content\/uploads\/2018\/11\/120X170_BANANANAS-300x212.jpg\" alt=\"\" width=\"300\" height=\"212\" srcset=\"http:\/\/www.klimatyczestochowy.pl\/wp-content\/uploads\/2018\/11\/120X170_BANANANAS-300x212.jpg 300w, http:\/\/www.klimatyczestochowy.pl\/wp-content\/uploads\/2018\/11\/120X170_BANANANAS-768x542.jpg 768w, http:\/\/www.klimatyczestochowy.pl\/wp-content\/uploads\/2018\/11\/120X170_BANANANAS-1024x723.jpg 1024w, http:\/\/www.klimatyczestochowy.pl\/wp-content\/uploads\/2018\/11\/120X170_BANANANAS.jpg 1300w\" sizes=\"auto, (max-width: 300px) 100vw, 300px\" \/><br \/>\n<\/a>I nagroda<br \/>\nJaros\u0142aw Respondek za fotoreporta\u017c \u201e30 w 1\u201d<br \/>\n<em>08.07.2018 r. Cz\u0119stochowski mix marsz\u00f3w w Alei Naj\u015bwi\u0119tszej Maryi Panny. Z jednego ko\u0144ca wyruszy\u0142 kolorowy Marsz R\u00f3wno\u015bci, przy Placu Biega\u0144skiego zgromadzili si\u0119 prawicowcy i kibice w eskorcie policji, na drugim ko\u0144cu \u2013 przy Jasnej G\u00f3rze \u2013 jedna z wi\u0119kszych pielgrzymek, Rodziny Radia Maryja. Rado\u015b\u0107 przeplata\u0142a si\u0119 ze skupieniem, u\u015bmiech przeplata\u0142 si\u0119 z agresj\u0105. W momencie, gdy odleg\u0142o\u015b\u0107 mi\u0119dzy Marszem R\u00f3wno\u015bci a kontrmanifestacj\u0105 wynosi\u0142a oko\u0142o 400 metr\u00f3w, po\u015brodku zamieszania pojawili si\u0119 Rycerze Chrystusa Kr\u00f3la. Przejawy agresji musia\u0142a t\u0142umi\u0107 policja.<\/em><br \/>\n<em>Cz\u0119stochowa<\/em><\/p>\n<p>&nbsp;<\/p>\n<p style=\"text-align: center;\"><a href=\"http:\/\/www.klimatyczestochowy.pl\/wp-content\/uploads\/2018\/11\/120x170_ZOZOLAK.jpg\"><img loading=\"lazy\" decoding=\"async\" class=\"aligncenter wp-image-1119 size-medium\" src=\"http:\/\/www.klimatyczestochowy.pl\/wp-content\/uploads\/2018\/11\/120x170_ZOZOLAK-300x212.jpg\" alt=\"\" width=\"300\" height=\"212\" srcset=\"http:\/\/www.klimatyczestochowy.pl\/wp-content\/uploads\/2018\/11\/120x170_ZOZOLAK-300x212.jpg 300w, http:\/\/www.klimatyczestochowy.pl\/wp-content\/uploads\/2018\/11\/120x170_ZOZOLAK-768x542.jpg 768w, http:\/\/www.klimatyczestochowy.pl\/wp-content\/uploads\/2018\/11\/120x170_ZOZOLAK-1024x723.jpg 1024w, http:\/\/www.klimatyczestochowy.pl\/wp-content\/uploads\/2018\/11\/120x170_ZOZOLAK.jpg 1300w\" sizes=\"auto, (max-width: 300px) 100vw, 300px\" \/><br \/>\n<\/a>II nagroda<br \/>\nJustyna Janus za fotoreporta\u017c \u201eMieszka\u0144cy Aleksandrii\u201d<br \/>\n<em>Aleksandria to wie\u015b znajduj\u0105ca si\u0119 w wojew\u00f3dztwie \u015bl\u0105skim, <\/em><br \/>\n<em>o charakterze wielodro\u017cnicy, podzielona na dwa so\u0142ectwa: Aleksandri\u0119 Pierwsz\u0105 i Drug\u0105.<\/em><br \/>\n<em>Zamieszkuje j\u0105 oko\u0142o 2400 mieszka\u0144c\u00f3w. Przed moim obiektywem stan\u0119\u0142o prawie 300<\/em><br \/>\n<em>rodzin. Prosi\u0142am ich aby ustawili si\u0119 na swoim podw\u00f3rku, w miejscu gdzie si\u0119 dobrze czuj\u0105.<\/em><br \/>\n<em>Aleksandria I i II<\/em><\/p>\n<p>&nbsp;<\/p>\n<p style=\"text-align: center;\"><a href=\"http:\/\/www.klimatyczestochowy.pl\/wp-content\/uploads\/2018\/11\/120X147_LIPA.jpg\"><img loading=\"lazy\" decoding=\"async\" class=\"aligncenter wp-image-1120 size-medium\" src=\"http:\/\/www.klimatyczestochowy.pl\/wp-content\/uploads\/2018\/11\/120X147_LIPA-300x245.jpg\" alt=\"\" width=\"300\" height=\"245\" srcset=\"http:\/\/www.klimatyczestochowy.pl\/wp-content\/uploads\/2018\/11\/120X147_LIPA-300x245.jpg 300w, http:\/\/www.klimatyczestochowy.pl\/wp-content\/uploads\/2018\/11\/120X147_LIPA-768x627.jpg 768w, http:\/\/www.klimatyczestochowy.pl\/wp-content\/uploads\/2018\/11\/120X147_LIPA-1024x836.jpg 1024w, http:\/\/www.klimatyczestochowy.pl\/wp-content\/uploads\/2018\/11\/120X147_LIPA.jpg 1300w\" sizes=\"auto, (max-width: 300px) 100vw, 300px\" \/><br \/>\n<\/a>III nagroda<br \/>\nKamil Pawlik za zestaw zdj\u0119\u0107 \u201eM\u0142odzie\u017c\u00f3wka\u201d<br \/>\n<em>Portrety m\u0142odych ludzi, kt\u00f3rych wsp\u00f3ln\u0105 pasj\u0105 jest fotografia. Wszyscy stan\u0119li na mojej drodze <\/em><br \/>\n<em>i mia\u0142em przyjemno\u015b\u0107 z ka\u017cdym wsp\u00f3\u0142pracowa\u0107 nie tylko podczas wykonywania zdj\u0119\u0107 do tego projektu. <\/em><em>Jest to zaledwie kilka os\u00f3b spo\u015br\u00f3d kilkudziesi\u0119ciu m\u0142odych fotograf\u00f3w, kt\u00f3rych chc\u0119 jeszcze robi\u0107 zdj\u0119cia.<\/em><br \/>\n<em>Cz\u0119stochowa<\/em><\/p>\n<p>&nbsp;<\/p>\n","protected":false},"excerpt":{"rendered":"<p>16 listopada podczas fina\u0142u 13. \u201eKlimat\u00f3w Cz\u0119stochowy&#8221; poznali\u015bmy laureat\u00f3w konkursu.<\/p>\n","protected":false},"author":2,"featured_media":1107,"comment_status":"open","ping_status":"open","sticky":false,"template":"","format":"standard","meta":{"footnotes":""},"categories":[3],"tags":[],"class_list":["post-1106","post","type-post","status-publish","format-standard","has-post-thumbnail","hentry","category-foto-1"],"_links":{"self":[{"href":"http:\/\/www.klimatyczestochowy.pl\/index.php?rest_route=\/wp\/v2\/posts\/1106","targetHints":{"allow":["GET"]}}],"collection":[{"href":"http:\/\/www.klimatyczestochowy.pl\/index.php?rest_route=\/wp\/v2\/posts"}],"about":[{"href":"http:\/\/www.klimatyczestochowy.pl\/index.php?rest_route=\/wp\/v2\/types\/post"}],"author":[{"embeddable":true,"href":"http:\/\/www.klimatyczestochowy.pl\/index.php?rest_route=\/wp\/v2\/users\/2"}],"replies":[{"embeddable":true,"href":"http:\/\/www.klimatyczestochowy.pl\/index.php?rest_route=%2Fwp%2Fv2%2Fcomments&post=1106"}],"version-history":[{"count":18,"href":"http:\/\/www.klimatyczestochowy.pl\/index.php?rest_route=\/wp\/v2\/posts\/1106\/revisions"}],"predecessor-version":[{"id":1497,"href":"http:\/\/www.klimatyczestochowy.pl\/index.php?rest_route=\/wp\/v2\/posts\/1106\/revisions\/1497"}],"wp:featuredmedia":[{"embeddable":true,"href":"http:\/\/www.klimatyczestochowy.pl\/index.php?rest_route=\/wp\/v2\/media\/1107"}],"wp:attachment":[{"href":"http:\/\/www.klimatyczestochowy.pl\/index.php?rest_route=%2Fwp%2Fv2%2Fmedia&parent=1106"}],"wp:term":[{"taxonomy":"category","embeddable":true,"href":"http:\/\/www.klimatyczestochowy.pl\/index.php?rest_route=%2Fwp%2Fv2%2Fcategories&post=1106"},{"taxonomy":"post_tag","embeddable":true,"href":"http:\/\/www.klimatyczestochowy.pl\/index.php?rest_route=%2Fwp%2Fv2%2Ftags&post=1106"}],"curies":[{"name":"wp","href":"https:\/\/api.w.org\/{rel}","templated":true}]}}