{"id":1096,"date":"2018-11-14T07:10:24","date_gmt":"2018-11-14T07:10:24","guid":{"rendered":"http:\/\/www.klimatyczestochowy.pl\/?p=1096"},"modified":"2018-11-14T07:51:16","modified_gmt":"2018-11-14T07:51:16","slug":"final-klimatow","status":"publish","type":"post","link":"http:\/\/www.klimatyczestochowy.pl\/?p=1096","title":{"rendered":"FINA\u0141 KLIMAT\u00d3W"},"content":{"rendered":"<p>Ju\u017c w najbli\u017cszy pi\u0105tek poznamy laureat\u00f3w 13. edycji &#8222;Klimat\u00f3w&#8221;.<!--more-->16 listopada o godz. 18.00 w Ratuszu Miejskim przy Alei Naj\u015bwi\u0119tszej Maryi Panny 45 odb\u0119dzie si\u0119 fina\u0142 13. edycji konkursu fotograficznego &#8222;Klimaty Cz\u0119stochowy&#8221;. Poznamy laureat\u00f3w i otworzymy wystaw\u0119 tegorocznego konkursu.<\/p>\n<p>Zapraszamy!<\/p>\n<p><img loading=\"lazy\" decoding=\"async\" class=\"aligncenter size-full wp-image-1104\" src=\"http:\/\/www.klimatyczestochowy.pl\/wp-content\/uploads\/2018\/11\/700FACEBOOK_WYDARZENIE.jpg\" alt=\"\" width=\"700\" height=\"394\" srcset=\"http:\/\/www.klimatyczestochowy.pl\/wp-content\/uploads\/2018\/11\/700FACEBOOK_WYDARZENIE.jpg 700w, http:\/\/www.klimatyczestochowy.pl\/wp-content\/uploads\/2018\/11\/700FACEBOOK_WYDARZENIE-300x169.jpg 300w\" sizes=\"auto, (max-width: 700px) 100vw, 700px\" \/><\/p>\n","protected":false},"excerpt":{"rendered":"<p>Ju\u017c w najbli\u017cszy pi\u0105tek poznamy laureat\u00f3w 13. edycji &#8222;Klimat\u00f3w&#8221;.<\/p>\n","protected":false},"author":2,"featured_media":1097,"comment_status":"open","ping_status":"open","sticky":false,"template":"","format":"standard","meta":{"footnotes":""},"categories":[3],"tags":[],"class_list":["post-1096","post","type-post","status-publish","format-standard","has-post-thumbnail","hentry","category-foto-1"],"_links":{"self":[{"href":"http:\/\/www.klimatyczestochowy.pl\/index.php?rest_route=\/wp\/v2\/posts\/1096","targetHints":{"allow":["GET"]}}],"collection":[{"href":"http:\/\/www.klimatyczestochowy.pl\/index.php?rest_route=\/wp\/v2\/posts"}],"about":[{"href":"http:\/\/www.klimatyczestochowy.pl\/index.php?rest_route=\/wp\/v2\/types\/post"}],"author":[{"embeddable":true,"href":"http:\/\/www.klimatyczestochowy.pl\/index.php?rest_route=\/wp\/v2\/users\/2"}],"replies":[{"embeddable":true,"href":"http:\/\/www.klimatyczestochowy.pl\/index.php?rest_route=%2Fwp%2Fv2%2Fcomments&post=1096"}],"version-history":[{"count":6,"href":"http:\/\/www.klimatyczestochowy.pl\/index.php?rest_route=\/wp\/v2\/posts\/1096\/revisions"}],"predecessor-version":[{"id":1105,"href":"http:\/\/www.klimatyczestochowy.pl\/index.php?rest_route=\/wp\/v2\/posts\/1096\/revisions\/1105"}],"wp:featuredmedia":[{"embeddable":true,"href":"http:\/\/www.klimatyczestochowy.pl\/index.php?rest_route=\/wp\/v2\/media\/1097"}],"wp:attachment":[{"href":"http:\/\/www.klimatyczestochowy.pl\/index.php?rest_route=%2Fwp%2Fv2%2Fmedia&parent=1096"}],"wp:term":[{"taxonomy":"category","embeddable":true,"href":"http:\/\/www.klimatyczestochowy.pl\/index.php?rest_route=%2Fwp%2Fv2%2Fcategories&post=1096"},{"taxonomy":"post_tag","embeddable":true,"href":"http:\/\/www.klimatyczestochowy.pl\/index.php?rest_route=%2Fwp%2Fv2%2Ftags&post=1096"}],"curies":[{"name":"wp","href":"https:\/\/api.w.org\/{rel}","templated":true}]}}