{"id":1090,"date":"2018-10-18T08:46:22","date_gmt":"2018-10-18T08:46:22","guid":{"rendered":"http:\/\/www.klimatyczestochowy.pl\/?p=1090"},"modified":"2020-10-30T10:17:15","modified_gmt":"2020-10-30T10:17:15","slug":"1090-2","status":"publish","type":"post","link":"http:\/\/www.klimatyczestochowy.pl\/?p=1090","title":{"rendered":"Lista uczestnik\u00f3w wystawy pokonkursowej 13. Edycji Klimat\u00f3w Cz\u0119stochowy"},"content":{"rendered":"<p>Og\u0142aszamy list\u0119 uczestnik\u00f3w wystawy pokonkursowej 13. &#8222;Klimat\u00f3w Cz\u0119stochowy&#8221;<!--more--><\/p>\n<p>Jury w sk\u0142adzie: Przemys\u0142aw Jendroska, Jan S\u0119towski, Tomasz Watras, po zapoznaniu si\u0119 z 530 pracami 122 autor\u00f3w, do wystawy pokonkursowej 13. edycji konkursu fotograficznego &#8222;Klimaty Cz\u0119stochowy&#8221;<br \/>\nzakwalifikowa\u0142o prace:<\/p>\n<p>Szymona Berezi\u0144skiego,<br \/>\nMarcina Chudego,<br \/>\nDariusza Gawro\u0144skiego,<br \/>\nJustyny Janus,<br \/>\nMicha\u0142a Karbownika,<br \/>\nPiotra Krasa,<br \/>\nAgnieszki Ma\u0142asiewicz,<br \/>\nOliwiera Paku\u0142y,<br \/>\nKamila Pawlika,<br \/>\nJaros\u0142awa Respondka,<br \/>\nPaw\u0142a Romana,<br \/>\nTomasza Ryka\u0142y,<br \/>\nPrzemys\u0142awa Skoczylasa,<br \/>\nMacieja Skowronka,<br \/>\nGrzegorza Skowronka,<br \/>\n\u0141ukasza Stacherczaka,<br \/>\nMarcina Szczyg\u0142a,<br \/>\nKrzysztofa \u015awitalskiego<br \/>\ni Wojciecha Woszczyka.<\/p>\n<p>Gratulujemy!<\/p>\n<p>Uhonorowanych nagrodami poznamy 16 listopada podczas otwarcia wystawy 13. edycji konkursu fotograficznego &#8222;Klimaty Cz\u0119stochowy&#8221;.<\/p>\n","protected":false},"excerpt":{"rendered":"<p>Og\u0142aszamy list\u0119 uczestnik\u00f3w wystawy pokonkursowej 13. &#8222;Klimat\u00f3w Cz\u0119stochowy&#8221;<\/p>\n","protected":false},"author":2,"featured_media":1091,"comment_status":"open","ping_status":"open","sticky":false,"template":"","format":"standard","meta":{"footnotes":""},"categories":[3],"tags":[],"class_list":["post-1090","post","type-post","status-publish","format-standard","has-post-thumbnail","hentry","category-foto-1"],"_links":{"self":[{"href":"http:\/\/www.klimatyczestochowy.pl\/index.php?rest_route=\/wp\/v2\/posts\/1090","targetHints":{"allow":["GET"]}}],"collection":[{"href":"http:\/\/www.klimatyczestochowy.pl\/index.php?rest_route=\/wp\/v2\/posts"}],"about":[{"href":"http:\/\/www.klimatyczestochowy.pl\/index.php?rest_route=\/wp\/v2\/types\/post"}],"author":[{"embeddable":true,"href":"http:\/\/www.klimatyczestochowy.pl\/index.php?rest_route=\/wp\/v2\/users\/2"}],"replies":[{"embeddable":true,"href":"http:\/\/www.klimatyczestochowy.pl\/index.php?rest_route=%2Fwp%2Fv2%2Fcomments&post=1090"}],"version-history":[{"count":6,"href":"http:\/\/www.klimatyczestochowy.pl\/index.php?rest_route=\/wp\/v2\/posts\/1090\/revisions"}],"predecessor-version":[{"id":1150,"href":"http:\/\/www.klimatyczestochowy.pl\/index.php?rest_route=\/wp\/v2\/posts\/1090\/revisions\/1150"}],"wp:featuredmedia":[{"embeddable":true,"href":"http:\/\/www.klimatyczestochowy.pl\/index.php?rest_route=\/wp\/v2\/media\/1091"}],"wp:attachment":[{"href":"http:\/\/www.klimatyczestochowy.pl\/index.php?rest_route=%2Fwp%2Fv2%2Fmedia&parent=1090"}],"wp:term":[{"taxonomy":"category","embeddable":true,"href":"http:\/\/www.klimatyczestochowy.pl\/index.php?rest_route=%2Fwp%2Fv2%2Fcategories&post=1090"},{"taxonomy":"post_tag","embeddable":true,"href":"http:\/\/www.klimatyczestochowy.pl\/index.php?rest_route=%2Fwp%2Fv2%2Ftags&post=1090"}],"curies":[{"name":"wp","href":"https:\/\/api.w.org\/{rel}","templated":true}]}}