{"id":105,"date":"2014-07-08T11:18:54","date_gmt":"2014-07-08T11:18:54","guid":{"rendered":"http:\/\/czestochowianie.home.pl\/klimaty\/?p=105"},"modified":"2014-12-08T08:38:12","modified_gmt":"2014-12-08T08:38:12","slug":"rusza-9-edycja-naszego-konkursu","status":"publish","type":"post","link":"http:\/\/www.klimatyczestochowy.pl\/?p=105","title":{"rendered":"Rusza 9. edycja naszego konkursu!"},"content":{"rendered":"<p>W\u0142a\u015bnie wystartowa\u0142a 9. edycja konkursu fotograficznego \u201eKlimaty Cz\u0119stochowy\u201d. <!--more-->W tym roku zdj\u0119cia przyjmujemy w trzech kategoriach &#8211; klimatycznej, reporterskiej oraz promocyjnej. Mo\u017cecie my\u015ble\u0107 ju\u017c nad kadrami, kt\u00f3re chcecie podda\u0107 pod ocen\u0119 tegorocznego Jury. Korzystajcie tak\u017ce ze s\u0142onecznej pogody, kt\u00f3r\u0105 mo\u017cecie pokaza\u0107 na zdj\u0119ciach zg\u0142aszanych w nowej kategorii fotografia promocyjna. Regulamin i formularz zg\u0142oszeniowy ju\u017c dost\u0119pne na naszej stronie.<\/p>\n","protected":false},"excerpt":{"rendered":"<p>W\u0142a\u015bnie wystartowa\u0142a 9. edycja konkursu fotograficznego \u201eKlimaty Cz\u0119stochowy\u201d.<\/p>\n","protected":false},"author":2,"featured_media":144,"comment_status":"open","ping_status":"open","sticky":false,"template":"","format":"standard","meta":{"footnotes":""},"categories":[1],"tags":[],"class_list":["post-105","post","type-post","status-publish","format-standard","has-post-thumbnail","hentry","category-bez-kategorii"],"_links":{"self":[{"href":"http:\/\/www.klimatyczestochowy.pl\/index.php?rest_route=\/wp\/v2\/posts\/105","targetHints":{"allow":["GET"]}}],"collection":[{"href":"http:\/\/www.klimatyczestochowy.pl\/index.php?rest_route=\/wp\/v2\/posts"}],"about":[{"href":"http:\/\/www.klimatyczestochowy.pl\/index.php?rest_route=\/wp\/v2\/types\/post"}],"author":[{"embeddable":true,"href":"http:\/\/www.klimatyczestochowy.pl\/index.php?rest_route=\/wp\/v2\/users\/2"}],"replies":[{"embeddable":true,"href":"http:\/\/www.klimatyczestochowy.pl\/index.php?rest_route=%2Fwp%2Fv2%2Fcomments&post=105"}],"version-history":[{"count":1,"href":"http:\/\/www.klimatyczestochowy.pl\/index.php?rest_route=\/wp\/v2\/posts\/105\/revisions"}],"predecessor-version":[{"id":107,"href":"http:\/\/www.klimatyczestochowy.pl\/index.php?rest_route=\/wp\/v2\/posts\/105\/revisions\/107"}],"wp:featuredmedia":[{"embeddable":true,"href":"http:\/\/www.klimatyczestochowy.pl\/index.php?rest_route=\/wp\/v2\/media\/144"}],"wp:attachment":[{"href":"http:\/\/www.klimatyczestochowy.pl\/index.php?rest_route=%2Fwp%2Fv2%2Fmedia&parent=105"}],"wp:term":[{"taxonomy":"category","embeddable":true,"href":"http:\/\/www.klimatyczestochowy.pl\/index.php?rest_route=%2Fwp%2Fv2%2Fcategories&post=105"},{"taxonomy":"post_tag","embeddable":true,"href":"http:\/\/www.klimatyczestochowy.pl\/index.php?rest_route=%2Fwp%2Fv2%2Ftags&post=105"}],"curies":[{"name":"wp","href":"https:\/\/api.w.org\/{rel}","templated":true}]}}