{"id":1035,"date":"2017-11-17T18:17:16","date_gmt":"2017-11-17T18:17:16","guid":{"rendered":"http:\/\/www.klimatyczestochowy.pl\/?p=1035"},"modified":"2017-11-17T18:31:05","modified_gmt":"2017-11-17T18:31:05","slug":"12-klimaty-czestochowy-rozstrzygniete","status":"publish","type":"post","link":"http:\/\/www.klimatyczestochowy.pl\/?p=1035","title":{"rendered":"12. &#8222;KLIMATY CZ\u0118STOCHOWY&#8221; ROZSTRZYGNI\u0118TE"},"content":{"rendered":"<p>17 listopada podczas Gali Fina\u0142owej 12. &#8222;Klimat\u00f3w Cz\u0119stochowy poznali\u015bmy laureat\u00f3w konkursu.<!--more--><\/p>\n<p style=\"text-align: center;\">Po zapoznaniu si\u0119 z 324 pracami 80 autor\u00f3w, Jury w sk\u0142adzie Bartek Barczyk, Andrzej Grygiel, Chris Niedenthal, Wojciech Pra\u017cmowski, Juliusz S\u0119towski zakwalifikowa\u0142o do wystawy pokonkursowej 32 prace 21 autor\u00f3w.<\/p>\n<p style=\"text-align: center;\">Lista os\u00f3b zakwalifikowanych do wystawy pokonkursowej tegorocznej edycji \u201cKlimat\u00f3w\u201d:<\/p>\n<p style=\"text-align: center;\">Sebastian Adamus<br \/>\nWojciech Domaga\u0142a<br \/>\nDariusz Gawro\u0144ski<br \/>\nBeata Jakubas<br \/>\nJustyna Janus<br \/>\nDamian Jo\u0144czyk<br \/>\nPiotr Kras<br \/>\nMarcin Klimczak<br \/>\n\u0141ukasz Kolewi\u0144ski<br \/>\nEwelina Ko\u0142odziejska-Hajkowicz<br \/>\nKatarzyna Krajewska<br \/>\n\u0141ukasz \u0141ata<br \/>\nBartosz Mielczarek<br \/>\nKamil Pawlik<br \/>\nMarcin Ptak<br \/>\nPrzemys\u0142aw Skoczylas<br \/>\nGrzegorz Skowronek<br \/>\nMaciek Skowronek<br \/>\n\u0141ukasz Stacherczak<br \/>\nMarcin Szczygie\u0142<br \/>\nMateusz Zak\u0142ada<\/p>\n<p style=\"text-align: center;\"><span style=\"color: #ff6600;\">NAGRODZENI I WYR\u00d3\u017bNIENI <\/span><br \/>\n<span style=\"color: #ff6600;\">W 12. EDYCJI KONKURSU FOTOGRAFICZNEGO &#8222;KLIMATY CZESTOCHOWY&#8221;<\/span><\/p>\n<p style=\"text-align: center;\">Grand Prix 2017 nie przyznano<\/p>\n<p style=\"text-align: center;\"><img loading=\"lazy\" decoding=\"async\" class=\"aligncenter size-full wp-image-1040\" src=\"http:\/\/www.klimatyczestochowy.pl\/wp-content\/uploads\/2017\/11\/100x66_KLIMAT-PS-02.jpg\" alt=\"\" width=\"620\" height=\"409\" srcset=\"http:\/\/www.klimatyczestochowy.pl\/wp-content\/uploads\/2017\/11\/100x66_KLIMAT-PS-02.jpg 620w, http:\/\/www.klimatyczestochowy.pl\/wp-content\/uploads\/2017\/11\/100x66_KLIMAT-PS-02-300x198.jpg 300w\" sizes=\"auto, (max-width: 620px) 100vw, 620px\" \/><\/p>\n<p style=\"text-align: center;\">I nagrod\u0119 w kategorii \u201eFotografia Klimatyczna\u201d otrzyma\u0142<br \/>\nPrzemys\u0142aw Skoczylas za zdj\u0119cie bez tytu\u0142u<\/p>\n<p style=\"text-align: center;\"><img loading=\"lazy\" decoding=\"async\" class=\"aligncenter size-full wp-image-1041\" src=\"http:\/\/www.klimatyczestochowy.pl\/wp-content\/uploads\/2017\/11\/100x66_KLIMAT-ZOZOLAK-ZK-05.jpg\" alt=\"\" width=\"620\" height=\"409\" srcset=\"http:\/\/www.klimatyczestochowy.pl\/wp-content\/uploads\/2017\/11\/100x66_KLIMAT-ZOZOLAK-ZK-05.jpg 620w, http:\/\/www.klimatyczestochowy.pl\/wp-content\/uploads\/2017\/11\/100x66_KLIMAT-ZOZOLAK-ZK-05-300x198.jpg 300w\" sizes=\"auto, (max-width: 620px) 100vw, 620px\" \/>II nagrod\u0119 w kategorii \u201eFotografia Klimatyczna\u201d otrzyma\u0142a<br \/>\nJustyna Janus za zdj\u0119cie zrobione w Aleksandrii Pierwszej<\/p>\n<p style=\"text-align: center;\"><img loading=\"lazy\" decoding=\"async\" class=\"aligncenter size-full wp-image-1042\" src=\"http:\/\/www.klimatyczestochowy.pl\/wp-content\/uploads\/2017\/11\/100x66_KLIMAT-guybrush-2.jpg\" alt=\"\" width=\"620\" height=\"409\" srcset=\"http:\/\/www.klimatyczestochowy.pl\/wp-content\/uploads\/2017\/11\/100x66_KLIMAT-guybrush-2.jpg 620w, http:\/\/www.klimatyczestochowy.pl\/wp-content\/uploads\/2017\/11\/100x66_KLIMAT-guybrush-2-300x198.jpg 300w\" sizes=\"auto, (max-width: 620px) 100vw, 620px\" \/>III nagrod\u0119 w kategorii \u201eFotografia Klimatyczna\u201d otrzyma\u0142<br \/>\nMateusz Zak\u0142ada za zdj\u0119cie \u201e\u0141ad\u201d<\/p>\n<p style=\"text-align: center;\"><img loading=\"lazy\" decoding=\"async\" class=\"aligncenter size-full wp-image-1043\" src=\"http:\/\/www.klimatyczestochowy.pl\/wp-content\/uploads\/2017\/11\/100x66_KLIMAT-haku-fotografia-klimatyczna-szalenie-delikatny-jestem-na-kacu.jpg\" alt=\"\" width=\"620\" height=\"409\" srcset=\"http:\/\/www.klimatyczestochowy.pl\/wp-content\/uploads\/2017\/11\/100x66_KLIMAT-haku-fotografia-klimatyczna-szalenie-delikatny-jestem-na-kacu.jpg 620w, http:\/\/www.klimatyczestochowy.pl\/wp-content\/uploads\/2017\/11\/100x66_KLIMAT-haku-fotografia-klimatyczna-szalenie-delikatny-jestem-na-kacu-300x198.jpg 300w\" sizes=\"auto, (max-width: 620px) 100vw, 620px\" \/>wyr\u00f3\u017cnienie w kategorii \u201eFotografia Klimatyczna\u201d otrzyma\u0142 Marcin Ptak<\/p>\n<p style=\"text-align: center;\"><img loading=\"lazy\" decoding=\"async\" class=\"aligncenter size-full wp-image-1044\" src=\"http:\/\/www.klimatyczestochowy.pl\/wp-content\/uploads\/2017\/11\/100x66_KLIMAT-ZdrowaMarchewkaKrzepickiKirkut.jpg\" alt=\"\" width=\"620\" height=\"409\" srcset=\"http:\/\/www.klimatyczestochowy.pl\/wp-content\/uploads\/2017\/11\/100x66_KLIMAT-ZdrowaMarchewkaKrzepickiKirkut.jpg 620w, http:\/\/www.klimatyczestochowy.pl\/wp-content\/uploads\/2017\/11\/100x66_KLIMAT-ZdrowaMarchewkaKrzepickiKirkut-300x198.jpg 300w\" sizes=\"auto, (max-width: 620px) 100vw, 620px\" \/>wyr\u00f3\u017cnienie w kategorii \u201eFotografia Klimatyczna\u201d otrzyma\u0142<br \/>\nWojciech Domaga\u0142a za zdj\u0119cie \u201eKrzepicki Kirkut\u201d<\/p>\n<p style=\"text-align: center;\"><img loading=\"lazy\" decoding=\"async\" class=\"aligncenter size-full wp-image-1045\" src=\"http:\/\/www.klimatyczestochowy.pl\/wp-content\/uploads\/2017\/11\/100x66_FOTOREPORT-PANKRACY_2.jpg\" alt=\"\" width=\"620\" height=\"409\" srcset=\"http:\/\/www.klimatyczestochowy.pl\/wp-content\/uploads\/2017\/11\/100x66_FOTOREPORT-PANKRACY_2.jpg 620w, http:\/\/www.klimatyczestochowy.pl\/wp-content\/uploads\/2017\/11\/100x66_FOTOREPORT-PANKRACY_2-300x198.jpg 300w\" sizes=\"auto, (max-width: 620px) 100vw, 620px\" \/>wyr\u00f3\u017cnienie w kategorii \u201eFotografia Klimatyczna\u201d otrzyma\u0142<br \/>\nGrzegorz Skowronek za zdj\u0119cie z \u201eMagiczna Huta\u201d<\/p>\n<p>&nbsp;<\/p>\n<p><img loading=\"lazy\" decoding=\"async\" class=\"aligncenter size-full wp-image-1046\" src=\"http:\/\/www.klimatyczestochowy.pl\/wp-content\/uploads\/2017\/11\/100x66_FOTOREPORT-KAPRIE-Szabat-3.jpg\" alt=\"\" width=\"620\" height=\"409\" srcset=\"http:\/\/www.klimatyczestochowy.pl\/wp-content\/uploads\/2017\/11\/100x66_FOTOREPORT-KAPRIE-Szabat-3.jpg 620w, http:\/\/www.klimatyczestochowy.pl\/wp-content\/uploads\/2017\/11\/100x66_FOTOREPORT-KAPRIE-Szabat-3-300x198.jpg 300w\" sizes=\"auto, (max-width: 620px) 100vw, 620px\" \/><\/p>\n<p style=\"text-align: center;\">I nagrod\u0119 w kategorii \u201eFotografia Reporterska\u201d otrzyma\u0142 Dariusz Gawro\u0144ski za zdj\u0119cie \u201eSzabat\u201d<\/p>\n<p style=\"text-align: center;\"><img loading=\"lazy\" decoding=\"async\" class=\"aligncenter size-full wp-image-1047\" src=\"http:\/\/www.klimatyczestochowy.pl\/wp-content\/uploads\/2017\/11\/100x66_REPORT-kolew_03.jpg\" alt=\"\" width=\"620\" height=\"409\" srcset=\"http:\/\/www.klimatyczestochowy.pl\/wp-content\/uploads\/2017\/11\/100x66_REPORT-kolew_03.jpg 620w, http:\/\/www.klimatyczestochowy.pl\/wp-content\/uploads\/2017\/11\/100x66_REPORT-kolew_03-300x198.jpg 300w\" sizes=\"auto, (max-width: 620px) 100vw, 620px\" \/>II nagrod\u0119 w kategorii \u201eFotografia Reporterska\u201d otrzyma\u0142 \u0141ukasz Kolewi\u0144ski za zdj\u0119cie \u201eSombrero\u201d<\/p>\n<p style=\"text-align: center;\"><img loading=\"lazy\" decoding=\"async\" class=\"aligncenter size-full wp-image-1048\" src=\"http:\/\/www.klimatyczestochowy.pl\/wp-content\/uploads\/2017\/11\/100x66_REPORT-vannolot_4.jpg\" alt=\"\" width=\"620\" height=\"409\" srcset=\"http:\/\/www.klimatyczestochowy.pl\/wp-content\/uploads\/2017\/11\/100x66_REPORT-vannolot_4.jpg 620w, http:\/\/www.klimatyczestochowy.pl\/wp-content\/uploads\/2017\/11\/100x66_REPORT-vannolot_4-300x198.jpg 300w\" sizes=\"auto, (max-width: 620px) 100vw, 620px\" \/>III nagrod\u0119 w kategorii \u201eFotografia Reporterska\u201d otrzyma\u0142 Marcin Szczygie\u0142 za zdj\u0119cie \u201eBackstage&#8221;<\/p>\n<p style=\"text-align: center;\"><img loading=\"lazy\" decoding=\"async\" class=\"aligncenter size-full wp-image-1049\" src=\"http:\/\/www.klimatyczestochowy.pl\/wp-content\/uploads\/2017\/11\/100x66_FOTOREPORT-\u0141ATA\u0141-rp8.jpg\" alt=\"\" width=\"620\" height=\"409\" srcset=\"http:\/\/www.klimatyczestochowy.pl\/wp-content\/uploads\/2017\/11\/100x66_FOTOREPORT-\u0141ATA\u0141-rp8.jpg 620w, http:\/\/www.klimatyczestochowy.pl\/wp-content\/uploads\/2017\/11\/100x66_FOTOREPORT-\u0141ATA\u0141-rp8-300x198.jpg 300w\" sizes=\"auto, (max-width: 620px) 100vw, 620px\" \/>wyr\u00f3\u017cnienie w kategorii \u201eFotografia Reporterska\u201d otrzyma\u0142 \u0141ukasz \u0141ata za zdj\u0119cie \u201eChasydzi w Lelowie\u201d<\/p>\n<p>&nbsp;<\/p>\n<p><img loading=\"lazy\" decoding=\"async\" class=\"aligncenter size-full wp-image-1050\" src=\"http:\/\/www.klimatyczestochowy.pl\/wp-content\/uploads\/2017\/11\/170x120_FOTOREPORT_joniu85.jpg\" alt=\"\" width=\"620\" height=\"438\" srcset=\"http:\/\/www.klimatyczestochowy.pl\/wp-content\/uploads\/2017\/11\/170x120_FOTOREPORT_joniu85.jpg 620w, http:\/\/www.klimatyczestochowy.pl\/wp-content\/uploads\/2017\/11\/170x120_FOTOREPORT_joniu85-300x212.jpg 300w\" sizes=\"auto, (max-width: 620px) 100vw, 620px\" \/><\/p>\n<p style=\"text-align: center;\">I nagrod\u0119 w kategorii \u201eFotoreporta\u017c \/ Zestaw zdj\u0119\u0107\u201d otrzyma\u0142<br \/>\nDamian Jo\u0144czyk za fotoreporta\u017c \u201eZa kulisami\u201d<\/p>\n<p style=\"text-align: center;\"><img loading=\"lazy\" decoding=\"async\" class=\"aligncenter size-full wp-image-1051\" src=\"http:\/\/www.klimatyczestochowy.pl\/wp-content\/uploads\/2017\/11\/170x120_FOTOREPORT_butelkaoetykietowana.jpg\" alt=\"\" width=\"620\" height=\"438\" srcset=\"http:\/\/www.klimatyczestochowy.pl\/wp-content\/uploads\/2017\/11\/170x120_FOTOREPORT_butelkaoetykietowana.jpg 620w, http:\/\/www.klimatyczestochowy.pl\/wp-content\/uploads\/2017\/11\/170x120_FOTOREPORT_butelkaoetykietowana-300x212.jpg 300w\" sizes=\"auto, (max-width: 620px) 100vw, 620px\" \/>II nagrod\u0119 w kategorii \u201eFotoreporta\u017c \/ Zestaw zdj\u0119\u0107\u201d otrzyma\u0142<br \/>\n\u0141ukasz Stacherczak za fotoreporta\u017c \u201ePrezydent Drugiego Planu\u201d<\/p>\n<p style=\"text-align: center;\">III nagrody w kategorii \u201eFotoreporta\u017c \/ Zestaw zdj\u0119\u0107\u201d nie przyznano<\/p>\n<p style=\"text-align: center;\"><img loading=\"lazy\" decoding=\"async\" class=\"aligncenter size-full wp-image-1052\" src=\"http:\/\/www.klimatyczestochowy.pl\/wp-content\/uploads\/2017\/11\/170x120_FOTOREPORT_zozolak.jpg\" alt=\"\" width=\"620\" height=\"438\" srcset=\"http:\/\/www.klimatyczestochowy.pl\/wp-content\/uploads\/2017\/11\/170x120_FOTOREPORT_zozolak.jpg 620w, http:\/\/www.klimatyczestochowy.pl\/wp-content\/uploads\/2017\/11\/170x120_FOTOREPORT_zozolak-300x212.jpg 300w\" sizes=\"auto, (max-width: 620px) 100vw, 620px\" \/>wyr\u00f3\u017cnienie w kategorii \u201eFotoreporta\u017c \/ Zestaw zdj\u0119\u0107\u201d otrzyma\u0142a<br \/>\nJustyna Janus za fotoreporta\u017c \u201eKonopielki\u201d<\/p>\n<p>&nbsp;<\/p>\n","protected":false},"excerpt":{"rendered":"<p>17 listopada podczas Gali Fina\u0142owej 12. &#8222;Klimat\u00f3w Cz\u0119stochowy poznali\u015bmy laureat\u00f3w konkursu.<\/p>\n","protected":false},"author":2,"featured_media":1036,"comment_status":"open","ping_status":"open","sticky":false,"template":"","format":"standard","meta":{"footnotes":""},"categories":[3],"tags":[],"class_list":["post-1035","post","type-post","status-publish","format-standard","has-post-thumbnail","hentry","category-foto-1"],"_links":{"self":[{"href":"http:\/\/www.klimatyczestochowy.pl\/index.php?rest_route=\/wp\/v2\/posts\/1035","targetHints":{"allow":["GET"]}}],"collection":[{"href":"http:\/\/www.klimatyczestochowy.pl\/index.php?rest_route=\/wp\/v2\/posts"}],"about":[{"href":"http:\/\/www.klimatyczestochowy.pl\/index.php?rest_route=\/wp\/v2\/types\/post"}],"author":[{"embeddable":true,"href":"http:\/\/www.klimatyczestochowy.pl\/index.php?rest_route=\/wp\/v2\/users\/2"}],"replies":[{"embeddable":true,"href":"http:\/\/www.klimatyczestochowy.pl\/index.php?rest_route=%2Fwp%2Fv2%2Fcomments&post=1035"}],"version-history":[{"count":5,"href":"http:\/\/www.klimatyczestochowy.pl\/index.php?rest_route=\/wp\/v2\/posts\/1035\/revisions"}],"predecessor-version":[{"id":1054,"href":"http:\/\/www.klimatyczestochowy.pl\/index.php?rest_route=\/wp\/v2\/posts\/1035\/revisions\/1054"}],"wp:featuredmedia":[{"embeddable":true,"href":"http:\/\/www.klimatyczestochowy.pl\/index.php?rest_route=\/wp\/v2\/media\/1036"}],"wp:attachment":[{"href":"http:\/\/www.klimatyczestochowy.pl\/index.php?rest_route=%2Fwp%2Fv2%2Fmedia&parent=1035"}],"wp:term":[{"taxonomy":"category","embeddable":true,"href":"http:\/\/www.klimatyczestochowy.pl\/index.php?rest_route=%2Fwp%2Fv2%2Fcategories&post=1035"},{"taxonomy":"post_tag","embeddable":true,"href":"http:\/\/www.klimatyczestochowy.pl\/index.php?rest_route=%2Fwp%2Fv2%2Ftags&post=1035"}],"curies":[{"name":"wp","href":"https:\/\/api.w.org\/{rel}","templated":true}]}}