{"id":1032,"date":"2017-11-14T07:54:47","date_gmt":"2017-11-14T07:54:47","guid":{"rendered":"http:\/\/www.klimatyczestochowy.pl\/?p=1032"},"modified":"2017-11-14T07:55:43","modified_gmt":"2017-11-14T07:55:43","slug":"final-12-edycji-klimatow-czestochowy","status":"publish","type":"post","link":"http:\/\/www.klimatyczestochowy.pl\/?p=1032","title":{"rendered":"FINA\u0141 12. EDYCJI &#8222;KLIMAT\u00d3W CZ\u0118STOCHOWY"},"content":{"rendered":"<p>12. edycja konkursu fotograficznego \u201eKlimaty Cz\u0119stochowy\u201d rozstrzygnie si\u0119 w najbli\u017cszy pi\u0105tek<!--more--><\/p>\n<p>W najbli\u017cszy pi\u0105tek, 17 listopada, o godz. 18.00 w Ratuszu Miejskim poznamy wyniki 12. edycji \u201eKlimat\u00f3w Cz\u0119stochowy\u201d.<\/p>\n<p>Celem \u201eKlimat\u00f3w\u201d jest ukazanie walor\u00f3w kulturowych, architektonicznych, przyrodniczych i turystycznych Cz\u0119stochowy i jej okolic. Zamiarem organizatora jest zebranie i prezentacja fotografii obrazuj\u0105cych zainteresowanie przejawami \u017cycia w jego r\u00f3\u017cnorodnych dziedzinach. Uczestnicy Konkursu zaproszeni zostali do odbycia sentymentalnej podr\u00f3\u017cy w przesz\u0142o\u015b\u0107 po terenach nale\u017c\u0105cych kiedy\u015b do wojew\u00f3dztwa cz\u0119stochowskiego i zach\u0119cani do odkrywania na nowo licznych miejsc godnych uwagi i utrwalenia \u2013 miejsc wpisanych zar\u00f3wno w przestrze\u0144 miejsk\u0105 Cz\u0119stochowy, jak i w pobliskie jurajskie krajobrazy. Mile widziane jest niebanalne potraktowanie \u201eklimat\u00f3w\u201d, gdzie g\u0142\u00f3wnym motywem jest cz\u0142owiek, \u015brodowisko, w kt\u00f3rym \u017cyje oraz wydarzenia, w jakich uczestniczy.<\/p>\n<p>Po zapoznaniu si\u0119 z 324 pracami 80 autor\u00f3w, Jury do wystawy pokonkursowej zakwalifikowa\u0142o 32 prace 21 autor\u00f3w.<\/p>\n<p>Lista os\u00f3b zakwalifikowanych do wystawy pokonkursowej<br \/>\ntegorocznej edycji \u201cKlimat\u00f3w\u201d:<\/p>\n<p>Sebastian Adamus<br \/>\nWojciech Domaga\u0142a<br \/>\nDariusz Gawro\u0144ski<br \/>\nBeata Jakubas<br \/>\nJustyna Janus<br \/>\nDamian Jo\u0144czyk<br \/>\nPiotr Kras<br \/>\nMarcin Klimczak<br \/>\n\u0141ukasz Kolewi\u0144ski<br \/>\nEwelina Ko\u0142odziejska-Hajkowicz<br \/>\nKatarzyna Krajewska<br \/>\n\u0141ukasz \u0141ata<br \/>\nBartosz Mielczarek<br \/>\nKamil Pawlik<br \/>\nMarcin Ptak<br \/>\nPrzemys\u0142aw Skoczylas<br \/>\nGrzegorz Skowronek<br \/>\nMaciek Skowronek<br \/>\n\u0141ukasz Stacherczak<br \/>\nMarcin Szczygie\u0142<br \/>\nMateusz Zak\u0142ada<\/p>\n<p><strong>Cz\u0142onkowie Jury:<br \/>\n<\/strong>Bartek Barczyk<br \/>\nAndrzej Grygiel<br \/>\nChris Niedenthal<br \/>\nWojciech Pra\u017cmowski<br \/>\nJuliusz S\u0119towski<\/p>\n<p><strong>Organizator konkursu i fundator nagr\u00f3d:<\/strong><br \/>\nWydzia\u0142 Kultury, Promocji i Sportu Urz\u0119du Miasta Cz\u0119stochowy<\/p>\n<p><strong>Wsp\u00f3\u0142organizator:<\/strong><br \/>\nMuzeum Cz\u0119stochowskie<\/p>\n<p><strong>Patronat medialny:<br \/>\n<\/strong>Miesi\u0119cznik \u201ePRESS\u201d<br \/>\nBezp\u0142atny Miesi\u0119cznik Miasta Cz\u0119stochowy \u201cJasne, \u017ce Cz\u0119stochowa\u201d<br \/>\nGazeta Wyborcza<br \/>\nRadio Jura<br \/>\nwcz\u0119stochowie.pl<br \/>\nTelewizja Orion<\/p>\n","protected":false},"excerpt":{"rendered":"<p>12. edycja konkursu fotograficznego \u201eKlimaty Cz\u0119stochowy\u201d rozstrzygnie si\u0119 w najbli\u017cszy pi\u0105tek<\/p>\n","protected":false},"author":2,"featured_media":1034,"comment_status":"open","ping_status":"open","sticky":false,"template":"","format":"standard","meta":{"footnotes":""},"categories":[3],"tags":[],"class_list":["post-1032","post","type-post","status-publish","format-standard","has-post-thumbnail","hentry","category-foto-1"],"_links":{"self":[{"href":"http:\/\/www.klimatyczestochowy.pl\/index.php?rest_route=\/wp\/v2\/posts\/1032","targetHints":{"allow":["GET"]}}],"collection":[{"href":"http:\/\/www.klimatyczestochowy.pl\/index.php?rest_route=\/wp\/v2\/posts"}],"about":[{"href":"http:\/\/www.klimatyczestochowy.pl\/index.php?rest_route=\/wp\/v2\/types\/post"}],"author":[{"embeddable":true,"href":"http:\/\/www.klimatyczestochowy.pl\/index.php?rest_route=\/wp\/v2\/users\/2"}],"replies":[{"embeddable":true,"href":"http:\/\/www.klimatyczestochowy.pl\/index.php?rest_route=%2Fwp%2Fv2%2Fcomments&post=1032"}],"version-history":[{"count":1,"href":"http:\/\/www.klimatyczestochowy.pl\/index.php?rest_route=\/wp\/v2\/posts\/1032\/revisions"}],"predecessor-version":[{"id":1033,"href":"http:\/\/www.klimatyczestochowy.pl\/index.php?rest_route=\/wp\/v2\/posts\/1032\/revisions\/1033"}],"wp:featuredmedia":[{"embeddable":true,"href":"http:\/\/www.klimatyczestochowy.pl\/index.php?rest_route=\/wp\/v2\/media\/1034"}],"wp:attachment":[{"href":"http:\/\/www.klimatyczestochowy.pl\/index.php?rest_route=%2Fwp%2Fv2%2Fmedia&parent=1032"}],"wp:term":[{"taxonomy":"category","embeddable":true,"href":"http:\/\/www.klimatyczestochowy.pl\/index.php?rest_route=%2Fwp%2Fv2%2Fcategories&post=1032"},{"taxonomy":"post_tag","embeddable":true,"href":"http:\/\/www.klimatyczestochowy.pl\/index.php?rest_route=%2Fwp%2Fv2%2Ftags&post=1032"}],"curies":[{"name":"wp","href":"https:\/\/api.w.org\/{rel}","templated":true}]}}