{"id":1022,"date":"2017-10-19T06:53:49","date_gmt":"2017-10-19T06:53:49","guid":{"rendered":"http:\/\/www.klimatyczestochowy.pl\/?p=1022"},"modified":"2021-05-24T09:00:50","modified_gmt":"2021-05-24T09:00:50","slug":"lista-uczestnikow-12-klimatow","status":"publish","type":"post","link":"http:\/\/www.klimatyczestochowy.pl\/?p=1022","title":{"rendered":"Lista uczestnik\u00f3w wystawy pokonkursowej 12. &#8222;Klimat\u00f3w Cz\u0119stochowy&#8221;"},"content":{"rendered":"<p>Jurorzy 12. edycji &#8222;Klimat\u00f3w Cz\u0119stochowy&#8221;<img loading=\"lazy\" decoding=\"async\" class=\"wp-image-1024 size-large\" src=\"http:\/\/www.klimatyczestochowy.pl\/wp-content\/uploads\/2017\/10\/FullSizeRender-1024x768.jpg\" alt=\"\" width=\"1024\" height=\"768\" srcset=\"http:\/\/www.klimatyczestochowy.pl\/wp-content\/uploads\/2017\/10\/FullSizeRender-1024x768.jpg 1024w, http:\/\/www.klimatyczestochowy.pl\/wp-content\/uploads\/2017\/10\/FullSizeRender-300x225.jpg 300w, http:\/\/www.klimatyczestochowy.pl\/wp-content\/uploads\/2017\/10\/FullSizeRender-768x576.jpg 768w\" sizes=\"auto, (max-width: 1024px) 100vw, 1024px\" \/><\/p>\n<p>18 pa\u017adziernika 2017 roku odby\u0142y si\u0119 obrady Jury 12. edycji konkursu fotograficznego &#8222;Klimaty Cz\u0119stochowy&#8221;. Jury w sk\u0142adzie: Bartek Barczyk, Andrzej Grygiel, Chris Niedenthal, Wojciech Pra\u017cmowski, Juliusz S\u0119towski zakwalifikowa\u0142o do wystawy pokonkursowej prace 21 os\u00f3b.<\/p>\n<p>Lista uczestnik\u00f3w wystawy pokonkursowej 12. &#8222;Klimat\u00f3w Cz\u0119stochowy&#8221;:<\/p>\n<p>Sebastian Adamus<br \/>\nWojciech Domaga\u0142a<br \/>\nDariusz Gawro\u0144ski<br \/>\nBeata Jakubas<br \/>\nJustyna Janus<br \/>\nDamian Jo\u0144czyk<br \/>\nPiotr Kras<br \/>\nMarcin Klimczak<br \/>\n\u0141ukasz Kolewi\u0144ski<br \/>\nEwelina Ko\u0142odziejska-Hajkowicz<br \/>\nKatarzyna Krajewska<br \/>\n\u0141ukasz \u0141ata<br \/>\nBartosz Mielczarek<br \/>\nKamil Pawlik<br \/>\nMarcin Ptak<br \/>\nPrzemys\u0142aw Skoczylas<br \/>\nGrzegorz Skowronek<br \/>\nMaciek Skowronek<br \/>\n\u0141ukasz Stacherczak<br \/>\nMarcin Szczygie\u0142<br \/>\nMateusz Zak\u0142ada<\/p>\n<p>Wyniki 12. edycji konkursu fotograficznego &#8222;Klimaty Cz\u0119stochowy&#8221; poznamy 17 listopada 2017 roku o godz. 18.00 w Muzem Cz\u0119stochowskim.<\/p>\n","protected":false},"excerpt":{"rendered":"<p>Jurorzy 12. edycji &#8222;Klimat\u00f3w Cz\u0119stochowy&#8221; 18 pa\u017adziernika 2017 roku odby\u0142y si\u0119 obrady Jury 12. edycji konkursu fotograficznego &#8222;Klimaty Cz\u0119stochowy&#8221;. Jury w sk\u0142adzie: Bartek Barczyk, Andrzej Grygiel, Chris Niedenthal, Wojciech Pra\u017cmowski, Juliusz S\u0119towski zakwalifikowa\u0142o do wystawy pokonkursowej prace 21 os\u00f3b. Lista uczestnik\u00f3w wystawy pokonkursowej 12. &#8222;Klimat\u00f3w Cz\u0119stochowy&#8221;: Sebastian Adamus Wojciech Domaga\u0142a Dariusz Gawro\u0144ski Beata Jakubas Justyna [&hellip;]<\/p>\n","protected":false},"author":2,"featured_media":1023,"comment_status":"open","ping_status":"open","sticky":false,"template":"","format":"standard","meta":{"footnotes":""},"categories":[3],"tags":[],"class_list":["post-1022","post","type-post","status-publish","format-standard","has-post-thumbnail","hentry","category-foto-1"],"_links":{"self":[{"href":"http:\/\/www.klimatyczestochowy.pl\/index.php?rest_route=\/wp\/v2\/posts\/1022","targetHints":{"allow":["GET"]}}],"collection":[{"href":"http:\/\/www.klimatyczestochowy.pl\/index.php?rest_route=\/wp\/v2\/posts"}],"about":[{"href":"http:\/\/www.klimatyczestochowy.pl\/index.php?rest_route=\/wp\/v2\/types\/post"}],"author":[{"embeddable":true,"href":"http:\/\/www.klimatyczestochowy.pl\/index.php?rest_route=\/wp\/v2\/users\/2"}],"replies":[{"embeddable":true,"href":"http:\/\/www.klimatyczestochowy.pl\/index.php?rest_route=%2Fwp%2Fv2%2Fcomments&post=1022"}],"version-history":[{"count":5,"href":"http:\/\/www.klimatyczestochowy.pl\/index.php?rest_route=\/wp\/v2\/posts\/1022\/revisions"}],"predecessor-version":[{"id":1176,"href":"http:\/\/www.klimatyczestochowy.pl\/index.php?rest_route=\/wp\/v2\/posts\/1022\/revisions\/1176"}],"wp:featuredmedia":[{"embeddable":true,"href":"http:\/\/www.klimatyczestochowy.pl\/index.php?rest_route=\/wp\/v2\/media\/1023"}],"wp:attachment":[{"href":"http:\/\/www.klimatyczestochowy.pl\/index.php?rest_route=%2Fwp%2Fv2%2Fmedia&parent=1022"}],"wp:term":[{"taxonomy":"category","embeddable":true,"href":"http:\/\/www.klimatyczestochowy.pl\/index.php?rest_route=%2Fwp%2Fv2%2Fcategories&post=1022"},{"taxonomy":"post_tag","embeddable":true,"href":"http:\/\/www.klimatyczestochowy.pl\/index.php?rest_route=%2Fwp%2Fv2%2Ftags&post=1022"}],"curies":[{"name":"wp","href":"https:\/\/api.w.org\/{rel}","templated":true}]}}