{"id":1,"date":"2014-11-25T10:14:54","date_gmt":"2014-11-25T10:14:54","guid":{"rendered":"http:\/\/czestochowianie.home.pl\/klimaty\/?p=1"},"modified":"2015-01-13T12:20:21","modified_gmt":"2015-01-13T12:20:21","slug":"9-klimatycznych-lat-czestochowy","status":"publish","type":"post","link":"http:\/\/www.klimatyczestochowy.pl\/?p=1","title":{"rendered":"9. klimatycznych lat Cz\u0119stochowy"},"content":{"rendered":"<p>Od pi\u0105tku, 21 listopada 2014 r. mo\u017cemy ogl\u0105da\u0107 fotografie, kt\u00f3re zakwalifikowa\u0142y si\u0119 do wystawy pokonkursowej. <!--more--><\/p>\n<p>Ekspozycja w Muzeum Cz\u0119stochowskim czynna b\u0119dzie do ko\u0144ca grudnia. Poznali\u015bmy tak\u017ce laureat\u00f3w 9. edycji konkursu.<\/p>\n<p>Jury w sk\u0142adzie: Renata D\u0105browska, Adam Florczyk, Jacek \u0141yd\u017cba, Jakub Szymczuk, Radek Wojnar po zapoznaniu si\u0119 z 800 zdj\u0119ciami 144 autor\u00f3w, Jury do wystawy pokonkursowej zakwalifikowa\u0142o 47 prac 36 autor\u00f3w:<\/p>\n<p><em>Adamus Micha\u0142, Adamus Sebastian, Ataniel Les\u0142aw, Baranowski Dariusz, Bugara Agnieszka, Czerwi\u0144ska Urszula, Deska Waldemar, Filipczak Katarzyna, Jo\u0144ski Stanis\u0142aw, Kami\u0144ski Jacek, Kras Piotr, \u0141ata \u0141ukasz, Madejska Aleksandra, Martyna Kowalik, Michalski Marcin, Opa\u0142czy\u0144ski Marcin, Pawe\u0142oszek Klaudia, Pawlik Kamil, Pawlik Katarzyna, Pu\u0142kownik Maciej, Pilichowski Leszek, Raczek \u0141ukasz, Respondek Jarek, Ryka\u0142a Tomasz, Sidorowicz Joanna, Skoczylas Przemys\u0142aw, Skowronek Grzegorz, Skowronek Maciej, Sucha\u0144ska Justyna, Szp\u0105drowski Marcin, \u015awita\u0142a Piotr, Tybinkowski Olgierd, Urban Joanna, Wi\u015bniewski Tomasz, Woszczyk Wojciech, Zi\u0119ba Jakub.<\/em><\/p>\n<p>Ponadto, Jury postanowi\u0142o przyzna\u0107 nagrody:<\/p>\n<blockquote><p>Grand Prix 8. edycji \u201eKlimat\u00f3w Cz\u0119stochowy\u201d w tym roku nie przyznano<\/p>\n<p>I nagrod\u0119 w kat. reporterskiej w wysoko\u015bci 900 z\u0142 otrzyma\u0142\u00a0 Kamil Pawlik za cykl \u201eBez domu\u201d<br \/>\nI nagrod\u0119 w kat. reporterskiej w wysoko\u015bci 900 z\u0142 otrzyma\u0142 Grzegorz Skowronek za zdj\u0119cie \u201ePueri Claromontani\u201d<br \/>\nII nagrod\u0119\u00a0 w kat. reporterskiej w wysoko\u015bci 600 z\u0142 otrzyma\u0142a Katarzyna Filipczak, za cykl pt \u201eBabcia Marysia\u201d<br \/>\nIII nagrod\u0119\u00a0 w kat. reporterskiej w wysoko\u015bci 300 z\u0142 otrzyma\u0142 Wi\u015bniewski Tomasz za cykl zdj\u0119\u0107 \u201eUpa\u0142y\u201d<br \/>\nIII nagrod\u0119\u00a0 w kat. reporterskiej w wysoko\u015bci 300 z\u0142 otrzyma\u0142 Grzegorza Skowronka za zdj\u0119cie \u201eRzut karny\u201d<\/p>\n<p>I nagrod\u0119 w kat. klimatycznej w wysoko\u015bci 900 z\u0142 otrzyma\u0142 Jaros\u0142aw Respondek za cykl \u201e25 lat wolno\u015bci\u201d<br \/>\nII nagrod\u0119\u00a0 w kat. klimatycznej w wysoko\u015bci 600 z\u0142 otrzyma\u0142a Joanna Urban za zdj\u0119cie \u201eBartek i pomnik\u201d<br \/>\nIII nagrod\u0119\u00a0 w kat. klimatycznej w wysoko\u015bci 300 z\u0142 otrzyma\u0142a Madejska Aleksandra za zdj\u0119cie \u201ePtaki\u201d<br \/>\nIII nagrod\u0119\u00a0 w kat. klimatycznej w wysoko\u015bci 300 z\u0142 otrzyma\u0142 Dariusz Baranowski za zdj\u0119cie \u201eDuchy\u201d<\/p>\n<p>I nagrody w kat. promocyjnej Jury w tym roku nie przyzna\u0142o<br \/>\nII nagrod\u0119\u00a0 w kat. promocyjnej w wysoko\u015bci 600 z\u0142 otrzyma\u0142 Stanis\u0142aw Jo\u0144ski za zdj\u0119cia \u201eCz\u0119stochowa klasycznie\u201d<br \/>\nIII nagrod\u0119\u00a0 w kat. promocyjnej w wys. 300 z\u0142 otrzyma\u0142 Marcin Opa\u0142czynski za \u201eJedna klisza = jedno zdj\u0119cie\u201d<\/p><\/blockquote>\n<p>Jury postanowi\u0142o przyzna\u0107 dodatkowe wyr\u00f3\u017cnienia dla:<\/p>\n<blockquote><p>Grzegorza Skowronka za zdj\u0119cie Zakupy\u201d<br \/>\nMarcina Szp\u0105drowskiego za zdj\u0119cie \u201eJarmark\u201d<br \/>\nDariusza Baranowskiego za zdj\u0119cie \u201eDzieci\u0119ce zabawy\u201d<\/p><\/blockquote>\n","protected":false},"excerpt":{"rendered":"<p>Od pi\u0105tku, 21 listopada 2014 r. mo\u017cemy ogl\u0105da\u0107 fotografie, kt\u00f3re zakwalifikowa\u0142y si\u0119 do wystawy pokonkursowej.<\/p>\n","protected":false},"author":1,"featured_media":163,"comment_status":"open","ping_status":"open","sticky":false,"template":"","format":"standard","meta":{"footnotes":""},"categories":[1],"tags":[],"class_list":["post-1","post","type-post","status-publish","format-standard","has-post-thumbnail","hentry","category-bez-kategorii"],"_links":{"self":[{"href":"http:\/\/www.klimatyczestochowy.pl\/index.php?rest_route=\/wp\/v2\/posts\/1","targetHints":{"allow":["GET"]}}],"collection":[{"href":"http:\/\/www.klimatyczestochowy.pl\/index.php?rest_route=\/wp\/v2\/posts"}],"about":[{"href":"http:\/\/www.klimatyczestochowy.pl\/index.php?rest_route=\/wp\/v2\/types\/post"}],"author":[{"embeddable":true,"href":"http:\/\/www.klimatyczestochowy.pl\/index.php?rest_route=\/wp\/v2\/users\/1"}],"replies":[{"embeddable":true,"href":"http:\/\/www.klimatyczestochowy.pl\/index.php?rest_route=%2Fwp%2Fv2%2Fcomments&post=1"}],"version-history":[{"count":14,"href":"http:\/\/www.klimatyczestochowy.pl\/index.php?rest_route=\/wp\/v2\/posts\/1\/revisions"}],"predecessor-version":[{"id":95,"href":"http:\/\/www.klimatyczestochowy.pl\/index.php?rest_route=\/wp\/v2\/posts\/1\/revisions\/95"}],"wp:featuredmedia":[{"embeddable":true,"href":"http:\/\/www.klimatyczestochowy.pl\/index.php?rest_route=\/wp\/v2\/media\/163"}],"wp:attachment":[{"href":"http:\/\/www.klimatyczestochowy.pl\/index.php?rest_route=%2Fwp%2Fv2%2Fmedia&parent=1"}],"wp:term":[{"taxonomy":"category","embeddable":true,"href":"http:\/\/www.klimatyczestochowy.pl\/index.php?rest_route=%2Fwp%2Fv2%2Fcategories&post=1"},{"taxonomy":"post_tag","embeddable":true,"href":"http:\/\/www.klimatyczestochowy.pl\/index.php?rest_route=%2Fwp%2Fv2%2Ftags&post=1"}],"curies":[{"name":"wp","href":"https:\/\/api.w.org\/{rel}","templated":true}]}}